{"id":989,"date":"2017-01-19T13:55:46","date_gmt":"2017-01-19T12:55:46","guid":{"rendered":"http:\/\/sallejoven.sallep.net\/?p=989"},"modified":"2017-01-19T13:55:46","modified_gmt":"2017-01-19T12:55:46","slug":"gijon-17","status":"publish","type":"post","link":"https:\/\/www.sallejoven.es\/?p=989","title":{"rendered":"Encuentro Universitario 2017"},"content":{"rendered":"<p>El pasado 17, 18 y 19 de Febrero tuvo lugar en el colegio La Salle de Gij\u00f3n el Encuentro Universitario del sector Valladolid, que reuni\u00f3 a j\u00f3venes universitarios de Valladolid, Palencia, Burgos, Gij\u00f3n, Santiago, Santander, Asturias y Portugal. Se pretendi\u00f3 as\u00ed que este fuese un espacio de encuentro y tiempo compartido vertebrado por dos temas fundamentalmente: La crisis econ\u00f3mica y sus secuelas, fomentando as\u00ed la reflexi\u00f3n social y un tema de car\u00e1cter personal en relaci\u00f3n con la etapa universitario y la andadura en grupos cristianos.<\/p>\n<p><img loading=\"lazy\" decoding=\"async\" class=\" wp-image-1165 alignleft\" src=\"http:\/\/sallejoven.es\/wp-content\/uploads\/2017\/02\/P2180999.jpg\" alt=\"\" width=\"284\" height=\"213\" \/>El encuentro dio comienzo el viernes noche con la presentaci\u00f3n del mismo, cena compartida y un rato libre para ir abriendo boca entre los participantes. A la ma\u00f1ana siguiente el d\u00eda comenz\u00f3 con la oraci\u00f3n, un momento tranquilo centrado en el silenciamiento, para acallar nuestro interior y <strong>abrir el camino a la presencia con Dios<\/strong>. El resto de la ma\u00f1ana trascurri\u00f3 a trav\u00e9s de un juego de roles y una serie de talleres a cargo de los compa\u00f1eros del colegio de Nuestra Se\u00f1ora de Lourdes de Valladolid. Este juego de roles, as\u00ed como los diferentes talleres tuvieron como finalidad ahondar en la cuesti\u00f3n de la crisis econ\u00f3mica y las secuelas que se est\u00e1n viviendo actualmente en diversos sectores: educaci\u00f3n, sanidad, desempleo, pensiones, etc. Sensibilizando a los participantes con una realidad absolutamente cercana y diaria que sin embargo en ocasiones nos pasa desapercibida. Como colof\u00f3n final de la ma\u00f1ana del s\u00e1bado se lanzaba una pregunta clara e esquivable: <strong>\u00bfY t\u00fa que puedes hacer?<\/strong><\/p>\n<p><img loading=\"lazy\" decoding=\"async\" class=\" wp-image-1155 alignright\" src=\"http:\/\/sallejoven.es\/wp-content\/uploads\/2017\/02\/P2180980.jpg\" alt=\"\" width=\"261\" height=\"196\" \/>Tras la comida y un rato de distensi\u00f3n y caf\u00e9, la tarde del s\u00e1bado fue dinamizada a trav\u00e9s de cuatro talleres, organizados por los compa\u00f1eros de Palencia, que pretend\u00edan profundizar en lo personal de cada participante, en el momento vital y en el proceso que se vive en los diferentes grupos. Para ello los talleres estaban tematizados pretendiendo abordar todos los aspectos de esta cuesti\u00f3n y pretendiendo finalmente dar una visi\u00f3n de conjunto entre todos ellos: <strong>\u00bfQui\u00e9n soy, cual es mi momento vital? \u00bfQu\u00e9 aporto yo al grupo? \u00bfQu\u00e9 me aporta el grupo? <\/strong>Y finalmente<strong> \u00bfY de cara al futuro?<\/strong><\/p>\n<p>Una vez finalizados los talleres, que ocuparon toda la tarde y tras haber compartido la mesa una vez m\u00e1s, con la cena, tuvo lugar un rato libre para poder salir y conocer un poco la ciudad de Gij\u00f3n y su ambiente nocturno.<\/p>\n<p><img loading=\"lazy\" decoding=\"async\" class=\" wp-image-1148 alignleft\" src=\"http:\/\/sallejoven.es\/wp-content\/uploads\/2017\/02\/P2180966.jpg\" alt=\"\" width=\"306\" height=\"230\" \/>La ma\u00f1ana del domingo, breve como exig\u00edan las circunstancias, comenz\u00f3 con la oraci\u00f3n que esta vez nos hac\u00eda caer en la cuenta y reflexionar sobre aquellos momentos de nuestra vida en los que ponemos la otra mejilla ante los problemas, o bien por el contrario aplicamos el antiguo sistema del <strong>ojo por ojo y diente por diente<\/strong>. Oraci\u00f3n que estuvo a cargo de los universitarios de Burgos.<br \/>\nPor \u00faltimo el broche final lo puso un peque\u00f1o gesto de despedida que nos invitaba, como reza el lema de este a\u00f1o, a \u201cMirar m\u00e1s all\u00e1\u201d, mas all\u00e1 de un gran cartel tapado con arena, el cual hab\u00eda que despejar para finalmente entre todos acabar descubriendo un <strong>\u201cBienaventurados los que tienen hambre y sed de justicia\u201d<\/strong>, que a modo de invitaci\u00f3n lanzaba un mensaje de ser luz en nuestras ciudades, en nuestros colegios, en nuestra universidad. Un mensaje que insta a estar hambrientos y sedientos, a no saciarnos y conformarnos con las mediocridades que nos rodean. Sino todo lo contrario y poder ser as\u00ed hambrientos y sedientos de la verdadera justicia, la justicia del evangelio.<\/p>\n<p>Por \u00faltimo lugar, informar que la cena que sobr\u00f3 el s\u00e1bado fue entregada esa misma noche a un comedor social de Gij\u00f3n, y que el dinero sobrante de las inscripciones al encuentro ha sido donado a PROYDE.<\/p>\n<p><strong>\u00a1Hasta el a\u00f1o que viene!<\/strong><\/p>\n<p><strong><a href=\"https:\/\/www.facebook.com\/SalleJovenVA\/posts\/578381609035616\">&gt; Galer\u00eda fotogr\u00e1fica<\/a><a href=\"http:\/\/sallejoven.es\/wp-content\/uploads\/2017\/01\/Horario.pdf\"><br \/>\n<\/a><\/strong><a href=\"http:\/\/sallejoven.es\/wp-content\/uploads\/2017\/01\/Horario.pdf\">&gt; Horario del Encuentro<\/a><br \/>\n<a href=\"http:\/\/sallejoven.es\/wp-content\/uploads\/2017\/01\/Convocatoria-Universitaria.pdf\">&gt; Convocatoria del Encuentro<\/a><\/p>\n\n<p>&nbsp;     <\/p>\n","protected":false},"excerpt":{"rendered":"<p>El pasado 17, 18 y 19 de Febrero tuvo lugar en el colegio La Salle de Gij\u00f3n el Encuentro Universitario del sector Valladolid, que reuni\u00f3 a j\u00f3venes universitarios de Valladolid, Palencia, Burgos, Gij\u00f3n, Santiago, Santander, Asturias y Portugal. Se pretendi\u00f3 as\u00ed que este fuese un espacio de encuentro y tiempo&#8230;<\/p>\n<p> <a class=\"continue-reading-link\" href=\"https:\/\/www.sallejoven.es\/?p=989\"><span>Leer m\u00e1s<\/span><i class=\"crycon-right-dir\"><\/i><\/a> <\/p>\n","protected":false},"author":0,"featured_media":1264,"comment_status":"open","ping_status":"open","sticky":false,"template":"","format":"standard","meta":{"footnotes":""},"categories":[246,259],"tags":[],"class_list":["post-989","post","type-post","status-publish","format-standard","has-post-thumbnail","hentry","category-portada","category-salle-joven"],"_links":{"self":[{"href":"https:\/\/www.sallejoven.es\/index.php?rest_route=\/wp\/v2\/posts\/989","targetHints":{"allow":["GET"]}}],"collection":[{"href":"https:\/\/www.sallejoven.es\/index.php?rest_route=\/wp\/v2\/posts"}],"about":[{"href":"https:\/\/www.sallejoven.es\/index.php?rest_route=\/wp\/v2\/types\/post"}],"replies":[{"embeddable":true,"href":"https:\/\/www.sallejoven.es\/index.php?rest_route=%2Fwp%2Fv2%2Fcomments&post=989"}],"version-history":[{"count":0,"href":"https:\/\/www.sallejoven.es\/index.php?rest_route=\/wp\/v2\/posts\/989\/revisions"}],"wp:featuredmedia":[{"embeddable":true,"href":"https:\/\/www.sallejoven.es\/index.php?rest_route=\/"}],"wp:attachment":[{"href":"https:\/\/www.sallejoven.es\/index.php?rest_route=%2Fwp%2Fv2%2Fmedia&parent=989"}],"wp:term":[{"taxonomy":"category","embeddable":true,"href":"https:\/\/www.sallejoven.es\/index.php?rest_route=%2Fwp%2Fv2%2Fcategories&post=989"},{"taxonomy":"post_tag","embeddable":true,"href":"https:\/\/www.sallejoven.es\/index.php?rest_route=%2Fwp%2Fv2%2Ftags&post=989"}],"curies":[{"name":"wp","href":"https:\/\/api.w.org\/{rel}","templated":true}]}}