{"id":9686,"date":"2019-12-04T12:32:29","date_gmt":"2019-12-04T11:32:29","guid":{"rendered":"http:\/\/sallejoven.sallep.net\/?p=9686"},"modified":"2019-12-04T12:32:29","modified_gmt":"2019-12-04T11:32:29","slug":"celasjuvenil-de-noviembre-con-mucha-fe","status":"publish","type":"post","link":"https:\/\/www.sallejoven.es\/?p=9686","title":{"rendered":"#CelasJuvenil de noviembre. Con mucha FE"},"content":{"rendered":"\n<figure class=\"wp-block-image\"><a href=\"https:\/\/www.lasalle.es\/images\/stories\/FotosNoticias\/00-DICIEMBRE19\/20191130_201743.jpg\"><img decoding=\"async\" src=\"https:\/\/www.lasalle.es\/images\/stories\/FotosNoticias\/00-DICIEMBRE19\/20191130_201743.jpg\" alt=\"\"\/><\/a><\/figure>\n\n\n\n<p>Del <strong>29 de noviembre al 1 de diciembre<\/strong> se encontr\u00f3 en La Salle Gri\u00f1\u00f3n la <strong>19 promoci\u00f3n del CELAS Juvenil <\/strong>para su segundo encuentro. <\/p>\n\n\n\n<p>La tem\u00e1tica tratada fue la Fe. Los j\u00f3venes vivieron una original velada basada en este tema, seguida de la experiencia \u201cEn las manos de Dios\u201d y una sesi\u00f3n Goldy Play que dio paso al an\u00e1lisis de la faceta de la fe en San Juan Bautista de La Salle. <\/p>\n\n\n\n<p>Varias personas participaron acompa\u00f1ando el encuentro: el H. Rafa Palomera, Javi Garc\u00eda, Jos\u00e9 Manuel Helmo, H. Jorge Sierra, Carlos Roca y Koldo, el sacerdote salesiano que anim\u00f3 la eucarist\u00eda.<\/p>\n\n\n\n<figure class=\"wp-block-image\"><a href=\"https:\/\/www.lasalle.es\/images\/stories\/FotosNoticias\/00-DICIEMBRE19\/20191201_120918.jpg\"><img decoding=\"async\" src=\"https:\/\/www.lasalle.es\/images\/stories\/FotosNoticias\/00-DICIEMBRE19\/20191201_120918.jpg\" alt=\"20191201 120918\"\/><\/a><\/figure>\n\n\n\n<p>\u00a1Hasta el mes de abril!<\/p>\n\n\n\n<figure class=\"wp-block-gallery columns-3 is-cropped wp-block-gallery-1 is-layout-flex wp-block-gallery-is-layout-flex\"><ul class=\"blocks-gallery-grid\"><li class=\"blocks-gallery-item\"><figure><img decoding=\"async\" src=\"http:\/\/sallejoven.es\/wp-content\/uploads\/2019\/12\/20191130_101149-1024x799.jpg\" alt=\"\" data-id=\"9689\" data-full-url=\"http:\/\/sallejoven.es\/wp-content\/uploads\/2019\/12\/20191130_101149.jpg\" data-link=\"http:\/\/sallejoven.sallep.net\/20191130_101149\/\" class=\"wp-image-9689\"\/><\/figure><\/li><li class=\"blocks-gallery-item\"><figure><img decoding=\"async\" src=\"http:\/\/sallejoven.es\/wp-content\/uploads\/2019\/12\/20191130_201743.jpg\" alt=\"\" data-id=\"9690\" data-full-url=\"http:\/\/sallejoven.es\/wp-content\/uploads\/2019\/12\/20191130_201743.jpg\" data-link=\"http:\/\/sallejoven.sallep.net\/20191130_201743\/\" class=\"wp-image-9690\"\/><\/figure><\/li><li class=\"blocks-gallery-item\"><figure><img decoding=\"async\" src=\"http:\/\/sallejoven.es\/wp-content\/uploads\/2019\/12\/IMG_20191130_231317_359-1024x733.jpg\" alt=\"\" data-id=\"9691\" data-full-url=\"http:\/\/sallejoven.es\/wp-content\/uploads\/2019\/12\/IMG_20191130_231317_359.jpg\" data-link=\"http:\/\/sallejoven.sallep.net\/img_20191130_231317_359\/\" class=\"wp-image-9691\"\/><\/figure><\/li><li class=\"blocks-gallery-item\"><figure><img decoding=\"async\" src=\"http:\/\/sallejoven.es\/wp-content\/uploads\/2019\/12\/IMG_20191130_231317_360-1024x767.jpg\" alt=\"\" data-id=\"9692\" data-full-url=\"http:\/\/sallejoven.es\/wp-content\/uploads\/2019\/12\/IMG_20191130_231317_360.jpg\" data-link=\"http:\/\/sallejoven.sallep.net\/img_20191130_231317_360\/\" class=\"wp-image-9692\"\/><\/figure><\/li><li class=\"blocks-gallery-item\"><figure><img decoding=\"async\" src=\"http:\/\/sallejoven.es\/wp-content\/uploads\/2019\/12\/IMG_20191130_231317_362-1024x733.jpg\" alt=\"\" data-id=\"9693\" data-full-url=\"http:\/\/sallejoven.es\/wp-content\/uploads\/2019\/12\/IMG_20191130_231317_362.jpg\" data-link=\"http:\/\/sallejoven.sallep.net\/img_20191130_231317_362\/\" class=\"wp-image-9693\"\/><\/figure><\/li><li class=\"blocks-gallery-item\"><figure><img decoding=\"async\" src=\"http:\/\/sallejoven.es\/wp-content\/uploads\/2019\/12\/IMG_20191130_231317_365-1024x767.jpg\" alt=\"\" data-id=\"9694\" data-full-url=\"http:\/\/sallejoven.es\/wp-content\/uploads\/2019\/12\/IMG_20191130_231317_365.jpg\" data-link=\"http:\/\/sallejoven.sallep.net\/img_20191130_231317_365\/\" class=\"wp-image-9694\"\/><\/figure><\/li><li class=\"blocks-gallery-item\"><figure><img decoding=\"async\" src=\"http:\/\/sallejoven.es\/wp-content\/uploads\/2019\/12\/IMG_20191130_231317_406-1024x733.jpg\" alt=\"\" data-id=\"9695\" data-full-url=\"http:\/\/sallejoven.es\/wp-content\/uploads\/2019\/12\/IMG_20191130_231317_406.jpg\" data-link=\"http:\/\/sallejoven.sallep.net\/img_20191130_231317_406\/\" class=\"wp-image-9695\"\/><\/figure><\/li><li class=\"blocks-gallery-item\"><figure><img decoding=\"async\" src=\"http:\/\/sallejoven.es\/wp-content\/uploads\/2019\/12\/IMG_20191130_232030_545-1024x576.jpg\" alt=\"\" data-id=\"9696\" data-full-url=\"http:\/\/sallejoven.es\/wp-content\/uploads\/2019\/12\/IMG_20191130_232030_545.jpg\" data-link=\"http:\/\/sallejoven.sallep.net\/img_20191130_232030_545\/\" class=\"wp-image-9696\"\/><\/figure><\/li><li class=\"blocks-gallery-item\"><figure><img decoding=\"async\" src=\"http:\/\/sallejoven.es\/wp-content\/uploads\/2019\/12\/IMG_20191201_124938_584-1024x795.jpg\" alt=\"\" data-id=\"9697\" data-full-url=\"http:\/\/sallejoven.es\/wp-content\/uploads\/2019\/12\/IMG_20191201_124938_584.jpg\" data-link=\"http:\/\/sallejoven.sallep.net\/img_20191201_124938_584\/\" class=\"wp-image-9697\"\/><\/figure><\/li><li class=\"blocks-gallery-item\"><figure><img decoding=\"async\" src=\"http:\/\/sallejoven.es\/wp-content\/uploads\/2019\/12\/IMG_20191201_223543_485-1024x576.jpg\" alt=\"\" data-id=\"9698\" data-full-url=\"http:\/\/sallejoven.es\/wp-content\/uploads\/2019\/12\/IMG_20191201_223543_485.jpg\" data-link=\"http:\/\/sallejoven.sallep.net\/img_20191201_223543_485\/\" class=\"wp-image-9698\"\/><\/figure><\/li><li class=\"blocks-gallery-item\"><figure><img decoding=\"async\" src=\"http:\/\/sallejoven.es\/wp-content\/uploads\/2019\/12\/20191130_082404_HDR-1024x576.jpg\" alt=\"\" data-id=\"9699\" data-full-url=\"http:\/\/sallejoven.es\/wp-content\/uploads\/2019\/12\/20191130_082404_HDR.jpg\" data-link=\"http:\/\/sallejoven.sallep.net\/20191130_082404_hdr\/\" class=\"wp-image-9699\"\/><\/figure><\/li><\/ul><\/figure>\n","protected":false},"excerpt":{"rendered":"<p>Del 29 de noviembre al 1 de diciembre se encontr\u00f3 en La Salle Gri\u00f1\u00f3n la 19 promoci\u00f3n del CELAS Juvenil para su segundo encuentro. La tem\u00e1tica tratada fue la Fe. Los j\u00f3venes vivieron una original velada basada en este tema, seguida de la experiencia \u201cEn las manos de Dios\u201d y&#8230;<\/p>\n<p> <a class=\"continue-reading-link\" href=\"https:\/\/www.sallejoven.es\/?p=9686\"><span>Leer m\u00e1s<\/span><i class=\"crycon-right-dir\"><\/i><\/a> <\/p>\n","protected":false},"author":0,"featured_media":9689,"comment_status":"closed","ping_status":"open","sticky":false,"template":"","format":"standard","meta":{"footnotes":""},"categories":[310,262,311,246,259],"tags":[208,327,328,329],"class_list":["post-9686","post","type-post","status-publish","format-standard","has-post-thumbnail","hentry","category-arlep","category-destacado","category-encuentros","category-portada","category-salle-joven","tag-arlep","tag-celas","tag-celas-juvenil","tag-grinon"],"_links":{"self":[{"href":"https:\/\/www.sallejoven.es\/index.php?rest_route=\/wp\/v2\/posts\/9686","targetHints":{"allow":["GET"]}}],"collection":[{"href":"https:\/\/www.sallejoven.es\/index.php?rest_route=\/wp\/v2\/posts"}],"about":[{"href":"https:\/\/www.sallejoven.es\/index.php?rest_route=\/wp\/v2\/types\/post"}],"replies":[{"embeddable":true,"href":"https:\/\/www.sallejoven.es\/index.php?rest_route=%2Fwp%2Fv2%2Fcomments&post=9686"}],"version-history":[{"count":0,"href":"https:\/\/www.sallejoven.es\/index.php?rest_route=\/wp\/v2\/posts\/9686\/revisions"}],"wp:featuredmedia":[{"embeddable":true,"href":"https:\/\/www.sallejoven.es\/index.php?rest_route=\/"}],"wp:attachment":[{"href":"https:\/\/www.sallejoven.es\/index.php?rest_route=%2Fwp%2Fv2%2Fmedia&parent=9686"}],"wp:term":[{"taxonomy":"category","embeddable":true,"href":"https:\/\/www.sallejoven.es\/index.php?rest_route=%2Fwp%2Fv2%2Fcategories&post=9686"},{"taxonomy":"post_tag","embeddable":true,"href":"https:\/\/www.sallejoven.es\/index.php?rest_route=%2Fwp%2Fv2%2Ftags&post=9686"}],"curies":[{"name":"wp","href":"https:\/\/api.w.org\/{rel}","templated":true}]}}