{"id":9621,"date":"2019-11-11T19:43:24","date_gmt":"2019-11-11T18:43:24","guid":{"rendered":"http:\/\/sallejoven.sallep.net\/?p=9621"},"modified":"2019-11-11T19:43:24","modified_gmt":"2019-11-11T18:43:24","slug":"nuestro-proyecto-ser","status":"publish","type":"post","link":"https:\/\/www.sallejoven.es\/?p=9621","title":{"rendered":"nuestro PROYECTO SER+"},"content":{"rendered":"\n<p>Llega el momento de lanzar nuestro PROYECTO SER+: una experiencia que se propone a j\u00f3venes y no tan j\u00f3venes, a partir de 18 a\u00f1os, que quieran avanzar en su proceso de crecimiento como personas, como cristianos y como lasalianos. <\/p>\n\n\n\n<p>Es una oportunidad para compartir experiencias de Iglesia, encuentros con Comunidades y testimonios vitales con el objetivo de ir, poco a poco, profundizando en la llamada que Jes\u00fas de Nazaret sigue haciendo a cada persona. <\/p>\n\n\n\n<p>Aprovechando la gran oportunidad que nos da la APP m\u00f3vil SalleJoven, ya tenemos preparada una gran oferta de experiencias de Fe, de Comunidad, de Servicio, de Formaci\u00f3n y de Algo+.<\/p>\n\n\n\n<p>Para verlas, tener m\u00e1s informaci\u00f3n y apuntarte a una experiencia, solo tienes que usar la App (disponible para Android y iOS): <a href=\"http:\/\/onelink.to\/d9py4s\">http:\/\/onelink.to\/d9py4s<\/a><\/p>\n\n\n\n<p>\u00a1Es un proyecto siempre en crecimiento! Si desde tu obra, comunidad o grupo se quiere proponer una actividad, ponte en contacto con el Delegado de Pastoral de tu Sector para incorporarlo r\u00e1pidamente a la aplicaci\u00f3n.<\/p>\n\n\n\n<p>Toda la informaci\u00f3n est\u00e1 ya en la APP.<\/p>\n\n\n\n<p>Un fraternal abrazo, en nombre del Equipo Distrital de J\u00f3venes Lasalianos,<\/p>\n","protected":false},"excerpt":{"rendered":"<p>Llega el momento de lanzar nuestro PROYECTO SER+: una experiencia que se propone a j\u00f3venes y no tan j\u00f3venes, a partir de 18 a\u00f1os, que quieran avanzar en su proceso de crecimiento como personas, como cristianos y como lasalianos. Es una oportunidad para compartir experiencias de Iglesia, encuentros con Comunidades&#8230;<\/p>\n<p> <a class=\"continue-reading-link\" href=\"https:\/\/www.sallejoven.es\/?p=9621\"><span>Leer m\u00e1s<\/span><i class=\"crycon-right-dir\"><\/i><\/a> <\/p>\n","protected":false},"author":0,"featured_media":9622,"comment_status":"closed","ping_status":"open","sticky":false,"template":"","format":"standard","meta":{"footnotes":""},"categories":[310,262,246,259,326],"tags":[],"class_list":["post-9621","post","type-post","status-publish","format-standard","has-post-thumbnail","hentry","category-arlep","category-destacado","category-portada","category-salle-joven","category-ser"],"_links":{"self":[{"href":"https:\/\/www.sallejoven.es\/index.php?rest_route=\/wp\/v2\/posts\/9621","targetHints":{"allow":["GET"]}}],"collection":[{"href":"https:\/\/www.sallejoven.es\/index.php?rest_route=\/wp\/v2\/posts"}],"about":[{"href":"https:\/\/www.sallejoven.es\/index.php?rest_route=\/wp\/v2\/types\/post"}],"replies":[{"embeddable":true,"href":"https:\/\/www.sallejoven.es\/index.php?rest_route=%2Fwp%2Fv2%2Fcomments&post=9621"}],"version-history":[{"count":0,"href":"https:\/\/www.sallejoven.es\/index.php?rest_route=\/wp\/v2\/posts\/9621\/revisions"}],"wp:featuredmedia":[{"embeddable":true,"href":"https:\/\/www.sallejoven.es\/index.php?rest_route=\/"}],"wp:attachment":[{"href":"https:\/\/www.sallejoven.es\/index.php?rest_route=%2Fwp%2Fv2%2Fmedia&parent=9621"}],"wp:term":[{"taxonomy":"category","embeddable":true,"href":"https:\/\/www.sallejoven.es\/index.php?rest_route=%2Fwp%2Fv2%2Fcategories&post=9621"},{"taxonomy":"post_tag","embeddable":true,"href":"https:\/\/www.sallejoven.es\/index.php?rest_route=%2Fwp%2Fv2%2Ftags&post=9621"}],"curies":[{"name":"wp","href":"https:\/\/api.w.org\/{rel}","templated":true}]}}