{"id":642,"date":"2016-09-25T22:17:18","date_gmt":"2016-09-25T21:17:18","guid":{"rendered":"http:\/\/sallejoven.sallep.net\/?p=642"},"modified":"2016-09-25T22:17:18","modified_gmt":"2016-09-25T21:17:18","slug":"18-celas-juvenil-septiembre","status":"publish","type":"post","link":"https:\/\/www.sallejoven.es\/?p=642","title":{"rendered":"En camino &#8211; 18\u00ba CELAS Juvenil"},"content":{"rendered":"<p>Este fin de semana se juntaban por primera vez, bajo el t\u00edtulo <em>un itinerario evang\u00e9lico<\/em>, la <strong>18\u00ba promoci\u00f3n del CELAS Juvenil<\/strong> en La Salle Gri\u00f1\u00f3n (Madrid), entre ellos ocho participantes del Sector Valladolid.<\/p>\n<div id=\"attachment_655\" style=\"width: 310px\" class=\"wp-caption alignright\"><a href=\"http:\/\/sallejoven.es\/wp-content\/uploads\/2016\/09\/CELAS-JUVENIL-SALLE-JOVEN-1.jpg\"><img loading=\"lazy\" decoding=\"async\" aria-describedby=\"caption-attachment-655\" class=\"wp-image-655 size-medium\" src=\"http:\/\/sallejoven.es\/wp-content\/uploads\/2016\/09\/CELAS-JUVENIL-SALLE-JOVEN-1-300x156.jpg\" alt=\"Promoci\u00f3n 18\u00ba CELAS Juvenil\" width=\"300\" height=\"156\" \/><\/a><p id=\"caption-attachment-655\" class=\"wp-caption-text\">Promoci\u00f3n 18\u00ba CELAS Juvenil<\/p><\/div>\n<p>El viernes arranc\u00f3 con la acogida y una primera presentaci\u00f3n m\u00e1s informal mediante alguna din\u00e1mica de conocimiento.<\/p>\n<p>El s\u00e1bado comenzamos\u00a0el d\u00eda poni\u00e9ndonos en presencia y en camino mediante la <strong>Oraci\u00f3n<\/strong>, plasmando aquellos objetivos que se quieren alcanzar en el CELAS. Y de ah\u00ed a <strong>la trama de mi existencia<\/strong>, un momento de tiempo personal para ahondar en las ra\u00edces de cada uno, momentos clave de la vida, personas que te van marcando, crisis y momentos de debilidad, ilusiones de futuro, etc&#8230; Dando as\u00ed lugar a un rico momento de compartir toda esa vida en grupos peque\u00f1os. El d\u00eda continu\u00f3 con el <strong>itinerario lasaliano: Abraham, Juan Bautista de La Salle y un Cristiano de hoy<\/strong>, un primer tiempo de acercarse a la vida de San Juan Bautista de La Salle, destacar aquellos rasgos y actitudes de su vida y hacer lectura de ellas desde la vida de cada participante.<\/p>\n<div id=\"attachment_652\" style=\"width: 310px\" class=\"wp-caption alignleft\"><a href=\"http:\/\/sallejoven.es\/wp-content\/uploads\/2016\/09\/CELAS-JUVENIL-SALLE-JOVEN-SECTOR-VALLADOLID.jpg\"><img loading=\"lazy\" decoding=\"async\" aria-describedby=\"caption-attachment-652\" class=\"wp-image-652 size-medium\" src=\"http:\/\/sallejoven.es\/wp-content\/uploads\/2016\/09\/CELAS-JUVENIL-SALLE-JOVEN-SECTOR-VALLADOLID-300x225.jpg\" alt=\"Participantes del Sector Valladolid en el 18\u00ba CELAS Juvenil\" width=\"300\" height=\"225\" \/><\/a><p id=\"caption-attachment-652\" class=\"wp-caption-text\">Participantes del Sector Valladolid en el 18\u00ba CELAS Juvenil<\/p><\/div>\n<p>El d\u00eda se complet\u00f3 con la presentaci\u00f3n de <strong>dinamismos para un itinerario com\u00fan en torno al Proyecto Lasaliano<\/strong>. Una oportunidad de conocer las calves de un proyecto,<\/p>\n<p>sus posibles fallos y sus correspondientes soluciones, y m\u00e1s all\u00e1 de todo eso, ser capaces de identificarlo en las realidades de cada uno. Para poner la guinda al d\u00eda, dos de los participantes compartieron en forma de <strong>testimonio su experiencia de voluntariado internacional en verano<\/strong> en Rep\u00fablica Dominicana, <strong>\u00a1una gozada poder compartir experiencias tan ricas!<\/strong><br \/>\nEl domingo, tras la eucarist\u00eda, el Hno. Esteban capt\u00f3 la atenci\u00f3n y el inter\u00e9s de todos los participantes con \u00ab<strong>Una espiritualidad para el camino<\/strong>\u00ab, dos claves muy claras: amar para seducir y para reducir, las dos van juntas, no se dan por separado si se trata de amar.<br \/>\nMuy buen sabor de boca y con ganas de reencontrarse en Diciembre.<\/p>\n<p><a href=\"http:\/\/sallejoven.es\/wp-content\/uploads\/2016\/09\/CELAS-JUVENIL.jpg\" rel=\"attachment wp-att-658\"><img loading=\"lazy\" decoding=\"async\" class=\"aligncenter wp-image-658 size-full\" src=\"http:\/\/sallejoven.es\/wp-content\/uploads\/2016\/09\/CELAS-JUVENIL.jpg\" alt=\"CELAS JUVENIL\" width=\"960\" height=\"540\" \/><\/a>     <\/p>\n","protected":false},"excerpt":{"rendered":"<p>Este fin de semana se juntaban por primera vez, bajo el t\u00edtulo un itinerario evang\u00e9lico, la 18\u00ba promoci\u00f3n del CELAS Juvenil en La Salle Gri\u00f1\u00f3n (Madrid), entre ellos ocho participantes del Sector Valladolid. El viernes arranc\u00f3 con la acogida y una primera presentaci\u00f3n m\u00e1s informal mediante alguna din\u00e1mica de conocimiento&#8230;.<\/p>\n<p> <a class=\"continue-reading-link\" href=\"https:\/\/www.sallejoven.es\/?p=642\"><span>Leer m\u00e1s<\/span><i class=\"crycon-right-dir\"><\/i><\/a> <\/p>\n","protected":false},"author":0,"featured_media":660,"comment_status":"open","ping_status":"open","sticky":false,"template":"","format":"standard","meta":{"footnotes":""},"categories":[215,229,219],"tags":[],"class_list":["post-642","post","type-post","status-publish","format-standard","has-post-thumbnail","hentry","category-corrales","category-palencia","category-santander"],"_links":{"self":[{"href":"https:\/\/www.sallejoven.es\/index.php?rest_route=\/wp\/v2\/posts\/642","targetHints":{"allow":["GET"]}}],"collection":[{"href":"https:\/\/www.sallejoven.es\/index.php?rest_route=\/wp\/v2\/posts"}],"about":[{"href":"https:\/\/www.sallejoven.es\/index.php?rest_route=\/wp\/v2\/types\/post"}],"replies":[{"embeddable":true,"href":"https:\/\/www.sallejoven.es\/index.php?rest_route=%2Fwp%2Fv2%2Fcomments&post=642"}],"version-history":[{"count":0,"href":"https:\/\/www.sallejoven.es\/index.php?rest_route=\/wp\/v2\/posts\/642\/revisions"}],"wp:featuredmedia":[{"embeddable":true,"href":"https:\/\/www.sallejoven.es\/index.php?rest_route=\/"}],"wp:attachment":[{"href":"https:\/\/www.sallejoven.es\/index.php?rest_route=%2Fwp%2Fv2%2Fmedia&parent=642"}],"wp:term":[{"taxonomy":"category","embeddable":true,"href":"https:\/\/www.sallejoven.es\/index.php?rest_route=%2Fwp%2Fv2%2Fcategories&post=642"},{"taxonomy":"post_tag","embeddable":true,"href":"https:\/\/www.sallejoven.es\/index.php?rest_route=%2Fwp%2Fv2%2Ftags&post=642"}],"curies":[{"name":"wp","href":"https:\/\/api.w.org\/{rel}","templated":true}]}}