{"id":5413,"date":"2019-03-06T00:00:58","date_gmt":"2019-03-05T23:00:58","guid":{"rendered":"http:\/\/sallejoven.sallep.net\/?p=5413"},"modified":"2019-03-06T00:00:58","modified_gmt":"2019-03-05T23:00:58","slug":"pascua-2019","status":"publish","type":"post","link":"https:\/\/www.sallejoven.es\/?p=5413","title":{"rendered":"Pascua 2019. Vosotros sois la luz del mundo."},"content":{"rendered":"\n<p><strong>La Pascua del Desaf\u00edo de Jes\u00fas<\/strong><\/p>\n\n\n\n<p><strong>UNA EXPERIENCIA \u00daNICA PARA TI<\/strong><br>Te invitamos a vivir unos d\u00edas de encuentro contigo y con Dios. La experiencia de la Pascua puede marcar tu vida, y lo har\u00e1 si vas dispuesto a vivir con intensidad y dejarte tocar por Dios.<br>La Pascua es un momento para darte cuenta de c\u00f3mo va tu experiencia de servicio y de entrega a los dem\u00e1s\u2026 de c\u00f3mo va tu vida. Jes\u00fas quiere encontrarse encontrarse contigo y transformar tu vida.<br>Ser\u00e1 una experiencia inolvidable.<\/p>\n\n\n\n<p><strong>Fechas:<\/strong><\/p>\n\n\n\n<p>Comienza el jueves <strong>18 de abril<\/strong> a\nlas 13:30 (comida compartida)<\/p>\n\n\n\n<p>Termina el domingo <strong>21 de abril <\/strong>a\nlas 10:00<\/p>\n\n\n\n<p>\u00daltimo d\u00eda para enviar la inscripci\u00f3n: <strong>5 de abril<\/strong><\/p>\n\n\n\n<p><strong>Precios:<\/strong> <br>Dormitorio compartido. Necesita llevar saco de dormir y toallas. <strong>70\u20ac<\/strong><\/p>\n\n\n\n<p>Habitaci\u00f3n con ba\u00f1o. No necesita llevar saco de dormir ni toallas. <strong>100\u20ac<\/strong> <\/p>\n\n\n\n<p>Ni\u00f1o menor de 12 a\u00f1os. Habitaci\u00f3n con su familia. <strong>50\u20ac<\/strong> <\/p>\n\n\n\n<p><strong>Niveles:<\/strong><\/p>\n\n\n\n<p>1\u00ba Nivel: 1\u00ba de Bachillerato<\/p>\n\n\n\n<p>2\u00ba Nivel: 2\u00ba de Bachillerato y universitarios<\/p>\n\n\n\n<p>3\u00ba Nivel: JOVAD (J\u00f3venes-adultos)<\/p>\n\n\n\n<p>4\u00ba Nivel: Adultos y familias<\/p>\n\n\n\n<p style=\"text-align:center\" class=\"has-text-color has-background has-very-light-gray-color has-very-dark-gray-background-color\"><a rel=\"noreferrer noopener\" aria-label=\"Formulario de Inscripci\u00f3n. Haz clic aqu\u00ed para inscribirtehttp:\/\/bit.ly\/PascuaBujedo19 (abre en una nueva pesta\u00f1a)\" href=\"http:\/\/bit.ly\/PascuaBujedo19\" target=\"_blank\">Formulario de Inscripci\u00f3n. Haz clic aqu\u00ed para inscribirte http:\/\/bit.ly\/PascuaBujedo19<\/a><\/p>\n\n\n\n<p><strong>Lugar:<\/strong><\/p>\n\n\n\n<p>Convento Hermanos de La Salle<\/p>\n\n\n\n<p>Calle del Convento 1<\/p>\n\n\n\n<p>09293 Bujedo (Burgos)<\/p>\n\n\n\n<div class=\"wp-block-image\"><figure class=\"aligncenter is-resized\"><img loading=\"lazy\" decoding=\"async\" src=\"http:\/\/sallejoven.es\/wp-content\/uploads\/2019\/02\/TripticoPascuaJoven2019_P\u00e1gina_1-1024x776.jpg\" alt=\"\" class=\"wp-image-5809\" width=\"320\" height=\"242\"\/><figcaption><a href=\"http:\/\/sallejoven.es\/wp-content\/uploads\/2019\/02\/TripticoPascuaJoven2019.pdf\" target=\"_blank\" rel=\"noreferrer noopener\" aria-label=\"Descarga el tr\u00edptico Pascua Bujedo (abre en una nueva pesta\u00f1a)\">Descarga el tr\u00edptico Pascua Bujedo<\/a><br><\/figcaption><\/figure><\/div>\n\n\n\n<p><a rel=\"noreferrer noopener\" href=\"https:\/\/photos.app.goo.gl\/Q7WpcYwwQdwGOzhj2\" target=\"_blank\">Galer\u00eda de fotos Pascua Bujedo 2018<\/a><\/p>\n\n\n\n<p><a rel=\"noreferrer noopener\" href=\"https:\/\/twitter.com\/search?src=typd&amp;q=%23PascuaBujedo18\" target=\"_blank\">#Pa<\/a><a href=\"https:\/\/twitter.com\/search?src=typd&amp;q=%23PascuaBujedo19\" target=\"_blank\" rel=\"noreferrer noopener\" aria-label=\"scuaBujedo19 (abre en una nueva pesta\u00f1a)\">scuaBujedo19<\/a><\/p>\n\n\n\n<div class=\"wp-block-image\"><figure class=\"aligncenter is-resized\"><img loading=\"lazy\" decoding=\"async\" src=\"http:\/\/sallejoven.es\/wp-content\/uploads\/2018\/04\/DSC_0787-1024x683.jpg\" alt=\"\" width=\"454\" height=\"302\"\/><\/figure><\/div>\n","protected":false},"excerpt":{"rendered":"<p>La Pascua del Desaf\u00edo de Jes\u00fas UNA EXPERIENCIA \u00daNICA PARA TITe invitamos a vivir unos d\u00edas de encuentro contigo y con Dios. La experiencia de la Pascua puede marcar tu vida, y lo har\u00e1 si vas dispuesto a vivir con intensidad y dejarte tocar por Dios.La Pascua es un momento&#8230;<\/p>\n<p> <a class=\"continue-reading-link\" href=\"https:\/\/www.sallejoven.es\/?p=5413\"><span>Leer m\u00e1s<\/span><i class=\"crycon-right-dir\"><\/i><\/a> <\/p>\n","protected":false},"author":0,"featured_media":5414,"comment_status":"closed","ping_status":"open","sticky":false,"template":"","format":"standard","meta":{"footnotes":""},"categories":[310,263,311,246,259],"tags":[235,236],"class_list":["post-5413","post","type-post","status-publish","format-standard","has-post-thumbnail","hentry","category-arlep","category-bujedo","category-encuentros","category-portada","category-salle-joven","tag-bujedo","tag-pascua"],"_links":{"self":[{"href":"https:\/\/www.sallejoven.es\/index.php?rest_route=\/wp\/v2\/posts\/5413","targetHints":{"allow":["GET"]}}],"collection":[{"href":"https:\/\/www.sallejoven.es\/index.php?rest_route=\/wp\/v2\/posts"}],"about":[{"href":"https:\/\/www.sallejoven.es\/index.php?rest_route=\/wp\/v2\/types\/post"}],"replies":[{"embeddable":true,"href":"https:\/\/www.sallejoven.es\/index.php?rest_route=%2Fwp%2Fv2%2Fcomments&post=5413"}],"version-history":[{"count":0,"href":"https:\/\/www.sallejoven.es\/index.php?rest_route=\/wp\/v2\/posts\/5413\/revisions"}],"wp:featuredmedia":[{"embeddable":true,"href":"https:\/\/www.sallejoven.es\/index.php?rest_route=\/"}],"wp:attachment":[{"href":"https:\/\/www.sallejoven.es\/index.php?rest_route=%2Fwp%2Fv2%2Fmedia&parent=5413"}],"wp:term":[{"taxonomy":"category","embeddable":true,"href":"https:\/\/www.sallejoven.es\/index.php?rest_route=%2Fwp%2Fv2%2Fcategories&post=5413"},{"taxonomy":"post_tag","embeddable":true,"href":"https:\/\/www.sallejoven.es\/index.php?rest_route=%2Fwp%2Fv2%2Ftags&post=5413"}],"curies":[{"name":"wp","href":"https:\/\/api.w.org\/{rel}","templated":true}]}}