{"id":5393,"date":"2019-01-17T22:17:58","date_gmt":"2019-01-17T21:17:58","guid":{"rendered":"http:\/\/sallejoven.sallep.net\/?p=5393"},"modified":"2019-01-17T22:17:58","modified_gmt":"2019-01-17T21:17:58","slug":"encuentro-jovad-2019-en-la-gafa-galicia-2","status":"publish","type":"post","link":"https:\/\/www.sallejoven.es\/?p=5393","title":{"rendered":"Encuentro JovAd 2019 en La Gafa (Galicia)"},"content":{"rendered":"\n<div class=\"wp-block-image\"><figure class=\"aligncenter\"><img loading=\"lazy\" decoding=\"async\" width=\"559\" height=\"397\" src=\"https:\/\/www.sallejoven.es\/wp-content\/uploads\/2019\/01\/2019-02-09-11-Salle-Joven-JovAd-La-Gafa-4.png\" alt=\"\" class=\"wp-image-2574\" srcset=\"https:\/\/www.sallejoven.es\/wp-content\/uploads\/2019\/01\/2019-02-09-11-Salle-Joven-JovAd-La-Gafa-4.png 559w, https:\/\/www.sallejoven.es\/wp-content\/uploads\/2019\/01\/2019-02-09-11-Salle-Joven-JovAd-La-Gafa-4-550x391.png 550w, https:\/\/www.sallejoven.es\/wp-content\/uploads\/2019\/01\/2019-02-09-11-Salle-Joven-JovAd-La-Gafa-4-150x107.png 150w\" sizes=\"auto, (max-width: 559px) 100vw, 559px\" \/><\/figure><\/div>\n\n\n\n<p>Los pr\u00f3ximos 8,9 y 10 de febrero, la Coordinadora JoVad ha organizado un encuentro en La Gafa para los&nbsp;<strong>j\u00f3venes- adultos<\/strong>&nbsp;(JovAd).<\/p>\n\n\n\n<h4 class=\"wp-block-heading\">\u00bfPor qu\u00e9 venir al encuentro?<\/h4>\n\n\n\n<ul class=\"wp-block-list\"><li>Porque es importante seguir manteniendo momentos de encuentro.<\/li><li>Todos los que nos encontramos en situaciones parecidas necesitamos de estos espacios para vernos, hablar, compartir vida\u2026<\/li><li>Es una oportunidad \u00fanica para la convivencia y el encuentro; aqu\u00ed lo principal somos cada uno de nosotros y desde la coordinadora queremos que sea as\u00ed.<\/li><li>El lema que nos concierne a todos este a\u00f1o, \u201cJuntos somos JovAd La Salle\u201d con motivo de los 300.<\/li><li>La tem\u00e1tica principal del encuentro ser\u00e1 el papel del Joven-Adulto en La Salle hoy.<\/li><\/ul>\n\n\n\n<h4 class=\"wp-block-heading\">\u00bfQu\u00e9 infraestructura tendremos?<\/h4>\n\n\n\n<ul class=\"wp-block-list\"><li>Cena Viernes:<br>Cena ego\u00edsta. Pod\u00e9is cenar de camino o traer vuestra cena para cenar en la Gafa sobre las 21\/21.30.<\/li><li>Desayunos\/comida y cena de s\u00e1bado y domingo:<br>Los haremos all\u00ed en la Gafa (tendremos que cocinar nosotros ;).<\/li><li>\u00bfD\u00f3nde est\u00e1 La Gafa?<\/li><\/ul>\n\n\n\n<figure><iframe loading=\"lazy\" src=\"https:\/\/www.google.com\/maps\/embed?pb=!1m18!1m12!1m3!1d2715.509569285877!2d-8.943503934695393!3d42.76532172916178!2m3!1f0!2f0!3f0!3m2!1i1024!2i768!4f13.1!3m3!1m2!1s0xd2f26bf2e1719af%3A0xb4e511537b0bf09b!2sLugar+Gafa%2C+15%2C+15999+A+Gafa%2C+La+Coru%C3%B1a!5e1!3m2!1ses!2ses!4v1547716025730\" width=\"600\" height=\"450\" allowfullscreen=\"allowfullscreen\"><\/iframe><\/figure>\n\n\n\n<h4 class=\"wp-block-heading\">Precios<\/h4>\n\n\n\n<p>Dormir en la Gafa las dos noches sale a 10 euros por persona, habr\u00e1 que sumar despu\u00e9s los gastos de desayunos, comida y cena que los calcularemos en funci\u00f3n de las personas inscritas en el encuentro (os lo notificaremos por email).<\/p>\n\n\n\n<h4 class=\"wp-block-heading\">Necesitas traer<\/h4>\n\n\n\n<ul class=\"wp-block-list\"><li>Saco de dormir.<\/li><li>Toalla.<\/li><li>Neceser<\/li><li>Ropa c\u00f3moda y de abrigo.<\/li><li>Juegos de mesa.<\/li><\/ul>\n\n\n\n<p>Para apuntarte:<\/p>\n\n\n\n<div class=\"wp-block-image\"><figure class=\"aligncenter\"><img loading=\"lazy\" decoding=\"async\" width=\"559\" height=\"397\" src=\"https:\/\/www.sallejoven.es\/wp-content\/uploads\/2019\/01\/2019-02-09-11-Salle-Joven-JovAd-La-Gafa-1.png\" alt=\"\" class=\"wp-image-2576\" srcset=\"https:\/\/www.sallejoven.es\/wp-content\/uploads\/2019\/01\/2019-02-09-11-Salle-Joven-JovAd-La-Gafa-1.png 559w, https:\/\/www.sallejoven.es\/wp-content\/uploads\/2019\/01\/2019-02-09-11-Salle-Joven-JovAd-La-Gafa-1-550x391.png 550w, https:\/\/www.sallejoven.es\/wp-content\/uploads\/2019\/01\/2019-02-09-11-Salle-Joven-JovAd-La-Gafa-1-150x107.png 150w\" sizes=\"auto, (max-width: 559px) 100vw, 559px\" \/><\/figure><\/div>\n\n\n\n<ul class=\"wp-block-list\"><li>Para inscribiros, haced clic en&nbsp;<a href=\"https:\/\/docs.google.com\/forms\/d\/e\/1FAIpQLScMpxznkuwJjghKp_f2cYi9XRW3virfkvqayMGixRt4r86gxA\/viewform\"><strong>este formulario online<\/strong><\/a>&nbsp;y rellenad con vuestros datos.<\/li><\/ul>\n","protected":false},"excerpt":{"rendered":"<p>Los pr\u00f3ximos 8,9 y 10 de febrero, la Coordinadora JoVad ha organizado un encuentro en La Gafa para los&nbsp;j\u00f3venes- adultos&nbsp;(JovAd). \u00bfPor qu\u00e9 venir al encuentro? Porque es importante seguir manteniendo momentos de encuentro. Todos los que nos encontramos en situaciones parecidas necesitamos de estos espacios para vernos, hablar, compartir vida\u2026&#8230;<\/p>\n<p> <a class=\"continue-reading-link\" href=\"https:\/\/www.sallejoven.es\/?p=5393\"><span>Leer m\u00e1s<\/span><i class=\"crycon-right-dir\"><\/i><\/a> <\/p>\n","protected":false},"author":0,"featured_media":5394,"comment_status":"closed","ping_status":"open","sticky":false,"template":"","format":"standard","meta":{"footnotes":""},"categories":[310,263,311,246,259],"tags":[],"class_list":["post-5393","post","type-post","status-publish","format-standard","has-post-thumbnail","hentry","category-arlep","category-bujedo","category-encuentros","category-portada","category-salle-joven"],"_links":{"self":[{"href":"https:\/\/www.sallejoven.es\/index.php?rest_route=\/wp\/v2\/posts\/5393","targetHints":{"allow":["GET"]}}],"collection":[{"href":"https:\/\/www.sallejoven.es\/index.php?rest_route=\/wp\/v2\/posts"}],"about":[{"href":"https:\/\/www.sallejoven.es\/index.php?rest_route=\/wp\/v2\/types\/post"}],"replies":[{"embeddable":true,"href":"https:\/\/www.sallejoven.es\/index.php?rest_route=%2Fwp%2Fv2%2Fcomments&post=5393"}],"version-history":[{"count":0,"href":"https:\/\/www.sallejoven.es\/index.php?rest_route=\/wp\/v2\/posts\/5393\/revisions"}],"wp:featuredmedia":[{"embeddable":true,"href":"https:\/\/www.sallejoven.es\/index.php?rest_route=\/"}],"wp:attachment":[{"href":"https:\/\/www.sallejoven.es\/index.php?rest_route=%2Fwp%2Fv2%2Fmedia&parent=5393"}],"wp:term":[{"taxonomy":"category","embeddable":true,"href":"https:\/\/www.sallejoven.es\/index.php?rest_route=%2Fwp%2Fv2%2Fcategories&post=5393"},{"taxonomy":"post_tag","embeddable":true,"href":"https:\/\/www.sallejoven.es\/index.php?rest_route=%2Fwp%2Fv2%2Ftags&post=5393"}],"curies":[{"name":"wp","href":"https:\/\/api.w.org\/{rel}","templated":true}]}}