{"id":5375,"date":"2019-01-06T10:47:33","date_gmt":"2019-01-06T09:47:33","guid":{"rendered":"http:\/\/sallejoven.sallep.net\/?p=5375"},"modified":"2019-01-06T10:47:33","modified_gmt":"2019-01-06T09:47:33","slug":"fin-de-semana-ec-en-giron-diciembre-2018-elencuentrogironsofal","status":"publish","type":"post","link":"https:\/\/www.sallejoven.es\/?p=5375","title":{"rendered":"Fin de semana E+C en Gir\u00f3n. Diciembre 2018 #ElEncuentroGironSofal"},"content":{"rendered":"<p>FINDE DE E+C DE GIR\u00d3N (DICIEMBRE 2018)<\/p>\n<p><a href=\"http:\/\/sallejoven.es\/wp-content\/uploads\/2019\/01\/DtbHotyXoAAbaZ7.jpg\"><img loading=\"lazy\" decoding=\"async\" class=\" wp-image-5380 alignleft\" src=\"http:\/\/sallejoven.es\/wp-content\/uploads\/2019\/01\/DtbHotyXoAAbaZ7-225x300.jpg\" alt=\"\" width=\"253\" height=\"336\" \/><\/a><\/p>\n<p>Para algunos el finde comenz\u00f3 el viernes por la tarde y para otros el s\u00e1bado por la ma\u00f1ana, pero el caso es que al final ah\u00ed estuvimos todos. Nos acompa\u00f1\u00f3 la tem\u00e1tica de Harry Potter de la mano de las dos \u00faltimas pelis que pretendimos visionar en cada una de las noches, aunque en la primera el sue\u00f1o se colara entre nosotros antes de que terminara.<\/p>\n<p>Como en todo finde E+C que se precie hay tiempo para todo, desde decidir antes de la primera cena cu\u00e1l ser\u00eda el #hashtag para el encuentro, con tan dispares propuestas como #LaComunidaSecreta o #LasReliquiasdeGiron, para finalmente decantarnos por <strong>#ElEncuentroGironsofal<\/strong>; como para tambi\u00e9n tener ocasi\u00f3n de entretenidas, y no por ello menos profundas, conversaciones ya en la sobremesa.<\/p>\n<p>La Comunidad de Hermanos en Gir\u00f3n se convirti\u00f3 durante estos d\u00edas en hogar para una gran familia en la que todos colaboramos ya sea para poner la mesa, recoger, limpiar o fregar platos. Aunque echamos unas cuantas horas de estudio, cada uno a su manera, al final, lo importante son las risas en los momentos de descanso gracias a Roger (el conejo m\u00e1s famoso de La Salle) o compartir el inicio del Adviento en la oraci\u00f3n. Oraci\u00f3n en la que el H. Luis nos explic\u00f3 los distintos significados de las velas que cada domingo se encienden y en la que reflexionamos sobre el modo en que se viven estos d\u00edas cada vez m\u00e1s fr\u00edos pero a la vez m\u00e1s cargados de solidaridad y hermandad cristiana.<\/p>\n<p>En fin, un E+C m\u00e1s pero especial como cada uno de ellos. Como su nombre indica, b\u00e1sicamente estudiamos y convivimos, pero deja en nosotros la agradable sensaci\u00f3n de momentos compartidos como familia lasaliana.<br \/>\n\u00a1Hasta pronto!<\/p>\n\n","protected":false},"excerpt":{"rendered":"<p>FINDE DE E+C DE GIR\u00d3N (DICIEMBRE 2018) Para algunos el finde comenz\u00f3 el viernes por la tarde y para otros el s\u00e1bado por la ma\u00f1ana, pero el caso es que al final ah\u00ed estuvimos todos. Nos acompa\u00f1\u00f3 la tem\u00e1tica de Harry Potter de la mano de las dos \u00faltimas pelis&#8230;<\/p>\n<p> <a class=\"continue-reading-link\" href=\"https:\/\/www.sallejoven.es\/?p=5375\"><span>Leer m\u00e1s<\/span><i class=\"crycon-right-dir\"><\/i><\/a> <\/p>\n","protected":false},"author":0,"featured_media":5377,"comment_status":"closed","ping_status":"open","sticky":false,"template":"","format":"standard","meta":{"footnotes":""},"categories":[318,282,311,278,246,259],"tags":[276,279,269],"class_list":["post-5375","post","type-post","status-publish","format-standard","has-post-thumbnail","hentry","category-castilla","category-ec","category-encuentros","category-giron","category-portada","category-salle-joven","tag-ec","tag-giron","tag-salle-joven-castilla"],"_links":{"self":[{"href":"https:\/\/www.sallejoven.es\/index.php?rest_route=\/wp\/v2\/posts\/5375","targetHints":{"allow":["GET"]}}],"collection":[{"href":"https:\/\/www.sallejoven.es\/index.php?rest_route=\/wp\/v2\/posts"}],"about":[{"href":"https:\/\/www.sallejoven.es\/index.php?rest_route=\/wp\/v2\/types\/post"}],"replies":[{"embeddable":true,"href":"https:\/\/www.sallejoven.es\/index.php?rest_route=%2Fwp%2Fv2%2Fcomments&post=5375"}],"version-history":[{"count":0,"href":"https:\/\/www.sallejoven.es\/index.php?rest_route=\/wp\/v2\/posts\/5375\/revisions"}],"wp:featuredmedia":[{"embeddable":true,"href":"https:\/\/www.sallejoven.es\/index.php?rest_route=\/"}],"wp:attachment":[{"href":"https:\/\/www.sallejoven.es\/index.php?rest_route=%2Fwp%2Fv2%2Fmedia&parent=5375"}],"wp:term":[{"taxonomy":"category","embeddable":true,"href":"https:\/\/www.sallejoven.es\/index.php?rest_route=%2Fwp%2Fv2%2Fcategories&post=5375"},{"taxonomy":"post_tag","embeddable":true,"href":"https:\/\/www.sallejoven.es\/index.php?rest_route=%2Fwp%2Fv2%2Ftags&post=5375"}],"curies":[{"name":"wp","href":"https:\/\/api.w.org\/{rel}","templated":true}]}}