{"id":5071,"date":"2018-10-23T14:57:09","date_gmt":"2018-10-23T13:57:09","guid":{"rendered":"http:\/\/sallejoven.sallep.net\/?p=5071"},"modified":"2018-10-23T14:57:09","modified_gmt":"2018-10-23T13:57:09","slug":"ardesantiacus-encuentroagp18-para-los-celtas-de-barcelos-galicia-y-asturias-somoslasalle-300lasalle","status":"publish","type":"post","link":"https:\/\/www.sallejoven.es\/?p=5071","title":{"rendered":"#ArdeSantiacus #EncuentroAGP18 para los celtas de Barcelos, Galicia y Asturias #SomosLaSalle #300LaSalle"},"content":{"rendered":"<p><a href=\"http:\/\/sallejoven.es\/wp-content\/uploads\/2018\/10\/IMG_8498.jpg\"><img loading=\"lazy\" decoding=\"async\" class=\" wp-image-5097 alignleft\" src=\"http:\/\/sallejoven.es\/wp-content\/uploads\/2018\/10\/IMG_8498-300x99.jpg\" alt=\"\" width=\"385\" height=\"127\" \/><\/a>Con esp\u00edritu lasaliano, de nuevo volvi\u00f3 a celebrarse el encuentro de las huestes de los <strong>grupos SalleJoven, SalleJoven y SalleXove de los Centros La Salle de Barcelos, Galicia (Ferrol y los dos Colegios de Santiago de Compostela) y Asturias<\/strong> el f<strong>in de semana del 19 al 21 de octubre<\/strong>.<\/p>\n<p>En esta ocasi\u00f3n, con sede en la ciudad del ap\u00f3stol, <strong>380 peregrinos lasalianos<\/strong> fueron viviendo diferentes din\u00e1micas por edades, juegos, experiencias ambientadas en la vida de los antiguos pueblos celtas y la eucarist\u00eda final. Sin embargo, no pod\u00eda perderse de vista un gui\u00f1o a la celebraci\u00f3n del <strong>Tricentenario de nuestro Fundador, San Juan Bautista de La Salle<\/strong>.<\/p>\n<p>La ma\u00f1ana del s\u00e1bado fue todo un proyecto compartido con un objetivo: lograr crear entre todos un lipdub, un v\u00eddeo que narrase la experiencia La Salle para los chicos y j\u00f3venes all\u00ed congregados, desde <strong>5 EP hasta Bachillerato y Universidad<\/strong>, junto con todo el equipo de cincuenta animadores que participaron en el Encuentro.<\/p>\n<p><a href=\"http:\/\/sallejoven.es\/wp-content\/uploads\/2018\/10\/IMG-20181021-WA0011.jpg\"><img loading=\"lazy\" decoding=\"async\" class=\" wp-image-5082 alignleft\" src=\"http:\/\/sallejoven.es\/wp-content\/uploads\/2018\/10\/IMG-20181021-WA0011-300x169.jpg\" alt=\"\" width=\"383\" height=\"216\" \/><\/a>El encuentro ofreci\u00f3 diferentes oportunidades de encuentro entre muchachos de distintas edades y para vivir la experiencia de compartir con uno mismo, en el marco de la ciudad del ap\u00f3stol, en el caso de los muchachos de Bachillerato, que disfrutaron de una tarde, tambi\u00e9n el s\u00e1bado, de profundizaci\u00f3n y con una intensa sesi\u00f3n de interioridad basada en el Programa Hara.<\/p>\n<p>Contentos y satisfechos del fin de semana, todos los asistentes fueron regresando a sus lugares contentos, con una amplia sonrisa y con la sempiterna pregunta de cu\u00e1ndo ser\u00e1 la pr\u00f3xima oportunidad. Adem\u00e1s, el \u00e1nimo tambi\u00e9n cargaba con el recuerdo que juntos #SomosLaSalle.<\/p>\n<p>&nbsp;<\/p>\n<p>&nbsp;<\/p>\n<p>&nbsp;<\/p>\n<p>&nbsp;<\/p>\n\n<p>&nbsp;<\/p>\n","protected":false},"excerpt":{"rendered":"<p>Con esp\u00edritu lasaliano, de nuevo volvi\u00f3 a celebrarse el encuentro de las huestes de los grupos SalleJoven, SalleJoven y SalleXove de los Centros La Salle de Barcelos, Galicia (Ferrol y los dos Colegios de Santiago de Compostela) y Asturias el fin de semana del 19 al 21 de octubre. En&#8230;<\/p>\n<p> <a class=\"continue-reading-link\" href=\"https:\/\/www.sallejoven.es\/?p=5071\"><span>Leer m\u00e1s<\/span><i class=\"crycon-right-dir\"><\/i><\/a> <\/p>\n","protected":false},"author":0,"featured_media":5093,"comment_status":"closed","ping_status":"open","sticky":false,"template":"","format":"standard","meta":{"footnotes":""},"categories":[306,262,265,246,307,259,266],"tags":[260,198,267,288,308],"class_list":["post-5071","post","type-post","status-publish","format-standard","has-post-thumbnail","hentry","category-asturias","category-destacado","category-galicia","category-portada","category-portugal","category-salle-joven","category-santiago-de-compostela","tag-asturias","tag-barcelos","tag-encuentros","tag-galicia","tag-portugal"],"_links":{"self":[{"href":"https:\/\/www.sallejoven.es\/index.php?rest_route=\/wp\/v2\/posts\/5071","targetHints":{"allow":["GET"]}}],"collection":[{"href":"https:\/\/www.sallejoven.es\/index.php?rest_route=\/wp\/v2\/posts"}],"about":[{"href":"https:\/\/www.sallejoven.es\/index.php?rest_route=\/wp\/v2\/types\/post"}],"replies":[{"embeddable":true,"href":"https:\/\/www.sallejoven.es\/index.php?rest_route=%2Fwp%2Fv2%2Fcomments&post=5071"}],"version-history":[{"count":0,"href":"https:\/\/www.sallejoven.es\/index.php?rest_route=\/wp\/v2\/posts\/5071\/revisions"}],"wp:featuredmedia":[{"embeddable":true,"href":"https:\/\/www.sallejoven.es\/index.php?rest_route=\/"}],"wp:attachment":[{"href":"https:\/\/www.sallejoven.es\/index.php?rest_route=%2Fwp%2Fv2%2Fmedia&parent=5071"}],"wp:term":[{"taxonomy":"category","embeddable":true,"href":"https:\/\/www.sallejoven.es\/index.php?rest_route=%2Fwp%2Fv2%2Fcategories&post=5071"},{"taxonomy":"post_tag","embeddable":true,"href":"https:\/\/www.sallejoven.es\/index.php?rest_route=%2Fwp%2Fv2%2Ftags&post=5071"}],"curies":[{"name":"wp","href":"https:\/\/api.w.org\/{rel}","templated":true}]}}