{"id":5063,"date":"2018-09-24T22:27:45","date_gmt":"2018-09-24T21:27:45","guid":{"rendered":"http:\/\/sallejoven.sallep.net\/?p=5063"},"modified":"2018-09-24T22:27:45","modified_gmt":"2018-09-24T21:27:45","slug":"elige-lo-de-nuevo-en-epj2018","status":"publish","type":"post","link":"https:\/\/www.sallejoven.es\/?p=5063","title":{"rendered":"El\u00edge lo + de nuevo en #EPJ2018"},"content":{"rendered":"<p><a href=\"http:\/\/sallejoven.es\/wp-content\/uploads\/2018\/09\/IMG-20180922-WA0002.jpg\"><img loading=\"lazy\" decoding=\"async\" class=\"size-medium wp-image-5058 alignleft\" src=\"http:\/\/sallejoven.es\/wp-content\/uploads\/2018\/09\/IMG-20180922-WA0002-300x225.jpg\" alt=\"\" width=\"300\" height=\"225\" \/><\/a>De nuevo en EPJ, de nuevo de formaci\u00f3n.<\/p>\n<p>Diferentes animadores de Pastoral de <strong>distintos sectores La Salle del Distrito ARLEP para Espa\u00f1a y Portugal<\/strong> participaron en la actividad eclesial del fin de semana del<strong> 21 al 23 de septiembre<\/strong>. Un a\u00f1o m\u00e1s, los animadores Salle Joven de distintos lugares se formaron en las actividades de la Escuela de Pastoral Juvenil que cada mes de septiembre congrega a j\u00f3venes agentes de Pastoral en Madrid.<\/p>\n<p>Este a\u00f1o, de Santiago de Compostela y Valladolid acudieron animadores Salle Joven que se unieron a los llegados del Sector Bilbao, Andaluc\u00eda y Madrid para vivr y celebrar juntos esta nueva oportunidad de encuentro basada en el Discernimiento.<\/p>\n<p>Si quieres leer mucho, mucho m\u00e1s, no te olvides de investigar en la web\u00a0<a href=\"https:\/\/escueladepastoral.org\/\" target=\"_blank\" rel=\"noopener noreferrer\">https:\/\/escueladepastoral.org\/<\/a><\/p>\n<blockquote class=\"wp-embedded-content\" data-secret=\"2A6ceIdaPe\"><p><a href=\"https:\/\/escueladepastoral.org\/\">EPJ2019<\/a><\/p><\/blockquote>\n<p><iframe loading=\"lazy\" title=\"&#8220;EPJ2019&#8221; &#8212; Escuela de Pastoral\" class=\"wp-embedded-content\" sandbox=\"allow-scripts\" security=\"restricted\" style=\"position: absolute; clip: rect(1px, 1px, 1px, 1px);\" src=\"https:\/\/escueladepastoral.org\/embed\/#?secret=2A6ceIdaPe\" data-secret=\"2A6ceIdaPe\" width=\"600\" height=\"338\" frameborder=\"0\" marginwidth=\"0\" marginheight=\"0\" scrolling=\"no\"><\/iframe><\/p>\n<p>o en redes <a href=\"https:\/\/twitter.com\/search?q=%23EPJ2018\" target=\"_blank\" rel=\"noopener noreferrer\">#EPJ2018<\/a><\/p>\n<section class=\"container\">\n<div class=\"row\">\n<div class=\"spb_content_element col-sm-4 spb_text_column\"><\/div>\n<\/div>\n<\/section>\n<section class=\"container\">\n<div class=\"row\">\n<div class=\"spb_recent_posts_widget spb_content_element col-sm-12\">\n<div class=\"spb_wrapper recent-posts-wrap\">\n<ul class=\"recent-posts row clearfix\">\n<li class=\"recent-post col-sm-4 clearfix\">\n<figure class=\"animated-overlay overlay-alt\"><img loading=\"lazy\" decoding=\"async\" src=\"https:\/\/escueladepastoral.org\/wp-content\/uploads\/2018\/06\/banner-documento-marco-epj2018-420x315.jpg\" alt=\"Presentaci\u00f3n del Documento Marco de la #Epj2018\" width=\"420\" height=\"315\" \/><figcaption>\n<div class=\"thumb-info thumb-info-alt\"><\/div>\n<\/figcaption><\/figure>\n<div class=\"details-wrap\">\n<h5><a href=\"https:\/\/escueladepastoral.org\/presentacion-del-documento-marco-de-la-epj2018\/\">Presentaci\u00f3n del Documento Marco de la #Epj2018<\/a><\/h5>\n\n<p><iframe loading=\"lazy\" title=\"Preguntas y respuestas acerca del discernimiento\" width=\"900\" height=\"506\" src=\"https:\/\/www.youtube.com\/embed\/rLArc95aBpk?feature=oembed\" frameborder=\"0\" allow=\"accelerometer; autoplay; encrypted-media; gyroscope; picture-in-picture\" allowfullscreen><\/iframe><\/p>\n<\/div>\n<\/li>\n<\/ul>\n<\/div>\n<\/div>\n<\/div>\n<\/section>\n","protected":false},"excerpt":{"rendered":"<p>De nuevo en EPJ, de nuevo de formaci\u00f3n. Diferentes animadores de Pastoral de distintos sectores La Salle del Distrito ARLEP para Espa\u00f1a y Portugal participaron en la actividad eclesial del fin de semana del 21 al 23 de septiembre. Un a\u00f1o m\u00e1s, los animadores Salle Joven de distintos lugares se&#8230;<\/p>\n<p> <a class=\"continue-reading-link\" href=\"https:\/\/www.sallejoven.es\/?p=5063\"><span>Leer m\u00e1s<\/span><i class=\"crycon-right-dir\"><\/i><\/a> <\/p>\n","protected":false},"author":0,"featured_media":5067,"comment_status":"closed","ping_status":"open","sticky":false,"template":"","format":"standard","meta":{"footnotes":""},"categories":[262,303,246,259],"tags":[304,305,249],"class_list":["post-5063","post","type-post","status-publish","format-standard","has-post-thumbnail","hentry","category-destacado","category-epj","category-portada","category-salle-joven","tag-epj","tag-escuela-de-pastoral","tag-formacion"],"_links":{"self":[{"href":"https:\/\/www.sallejoven.es\/index.php?rest_route=\/wp\/v2\/posts\/5063","targetHints":{"allow":["GET"]}}],"collection":[{"href":"https:\/\/www.sallejoven.es\/index.php?rest_route=\/wp\/v2\/posts"}],"about":[{"href":"https:\/\/www.sallejoven.es\/index.php?rest_route=\/wp\/v2\/types\/post"}],"replies":[{"embeddable":true,"href":"https:\/\/www.sallejoven.es\/index.php?rest_route=%2Fwp%2Fv2%2Fcomments&post=5063"}],"version-history":[{"count":0,"href":"https:\/\/www.sallejoven.es\/index.php?rest_route=\/wp\/v2\/posts\/5063\/revisions"}],"wp:featuredmedia":[{"embeddable":true,"href":"https:\/\/www.sallejoven.es\/index.php?rest_route=\/"}],"wp:attachment":[{"href":"https:\/\/www.sallejoven.es\/index.php?rest_route=%2Fwp%2Fv2%2Fmedia&parent=5063"}],"wp:term":[{"taxonomy":"category","embeddable":true,"href":"https:\/\/www.sallejoven.es\/index.php?rest_route=%2Fwp%2Fv2%2Fcategories&post=5063"},{"taxonomy":"post_tag","embeddable":true,"href":"https:\/\/www.sallejoven.es\/index.php?rest_route=%2Fwp%2Fv2%2Ftags&post=5063"}],"curies":[{"name":"wp","href":"https:\/\/api.w.org\/{rel}","templated":true}]}}