{"id":5052,"date":"2018-09-15T10:22:11","date_gmt":"2018-09-15T09:22:11","guid":{"rendered":"http:\/\/sallejoven.sallep.net\/?p=5052"},"modified":"2018-09-15T10:22:11","modified_gmt":"2018-09-15T09:22:11","slug":"testimonios-del-verano-encuentro-taizesallearlep","status":"publish","type":"post","link":"https:\/\/www.sallejoven.es\/?p=5052","title":{"rendered":"Testimonios del Verano: Encuentro #TaizeSalleARLEP"},"content":{"rendered":"<p>Del verano nos quedan las experiencias para crecer.<\/p>\n<p>Estos son los testimonios que nos ofrecen algunos de los participantes en el encuentro <a href=\"https:\/\/twitter.com\/hashtag\/TaizeSalleArlep\" target=\"_blank\" rel=\"noopener noreferrer\">Taiz\u00e9SalleARLEP<\/a><\/p>\n<p><strong>Laura Sanz (Animadora Salle Joven. Profesora de Ed. Infantil en el Colegio Ntra. Sra. de Lourdes, Valladolid)<a href=\"http:\/\/sallejoven.es\/wp-content\/uploads\/2018\/09\/DkRYasnWsAAHnJI.jpg\"><img loading=\"lazy\" decoding=\"async\" class=\"size-medium wp-image-5050 alignright\" src=\"http:\/\/sallejoven.es\/wp-content\/uploads\/2018\/09\/DkRYasnWsAAHnJI-300x225.jpg\" alt=\"\" width=\"300\" height=\"225\" \/><\/a><\/strong><\/p>\n<p><strong>Una semana en Taiz\u00e9<\/strong><br \/>\nDurante una semana de este mes de agosto varios j\u00f3venes de La Salle nos hemos aventurado a vivir la experiencia de Taiz\u00e9, una peque\u00f1a comunidad con mucha vida. Desde el primer momento los hermanos y voluntarios nos acogieron con mucho cari\u00f1o, y durante esos d\u00edas nos hemos contagiado de su ambiente, de su forma de vida y de su oraci\u00f3n.<br \/>\nEn Taiz\u00e9 se vive y se respira de otra manera, En Taiz\u00e9 convives durante una semana con m\u00e1s de 3000 personas de diferentes edades, pa\u00edses, culturas y confesiones religiosas.<br \/>\nEn Taiz\u00e9 se vive La Paz, el respeto, el compartir vida y fe.<br \/>\nEn Taiz\u00e9 Dios est\u00e1 presente.<br \/>\nHa sido una semana de aprender mucho, de reflexi\u00f3n, de conocer otras culturas y otras formas de vivir a Dios. Creo que todos los que hemos ido nos traemos algo especial y es que ha sido una parada en el ajetreo de nuestras vidas donde hemos podido acercarnos un poco m\u00e1s a Dios y a los otros.<\/p>\n<p><strong>H. Josemi Fern\u00e1ndez (Comunidad Barrio Gir\u00f3n, Valladolid. Delegado de Ed. en la Justicia en el Colegio Ntra. Sra. Lourdes, Valladolid)<a href=\"http:\/\/sallejoven.es\/wp-content\/uploads\/2018\/09\/DkQhfFaW0AA75T0.jpg\"><img loading=\"lazy\" decoding=\"async\" class=\"size-medium wp-image-5049 alignright\" src=\"http:\/\/sallejoven.es\/wp-content\/uploads\/2018\/09\/DkQhfFaW0AA75T0-300x300.jpg\" alt=\"\" width=\"300\" height=\"300\" \/><\/a><\/strong><\/p>\n<p>La experiencia de Taiz\u00e9 es en primer lugar una oportunidad de compartir lo nuclear del cristianismo con personas muy diferentes, provenientes de otros pa\u00edses y confesiones cristianas. Pero es, ante todo, un modo de rezar y acercarse a Dios escuchando su Palabra y orando con sus conocidos cantos.<\/p>\n<p><strong>H. \u00c1lvaro. (Comunidad Instituci\u00f3n La Salle, Madrid. Animador Salle Joven).<\/strong><\/p>\n<p><strong> La experiencia de la com\u00fan-uni\u00f3n<\/strong><\/p>\n<p>Durante una semana, 25 lasalianos, Hermanos y j\u00f3venes, de La Salle Arlep hemos disfrutado de la rica experiencia que ofrece la comunidad de Taiz\u00e9 (Francia).<\/p>\n<p>En Taiz\u00e9 nos reunimos con m\u00e1s de 3.000 j\u00f3venes de muchos lugares de Europa y de distintas confesiones cristianas, con quienes compartimos las oraciones, las catequesis y los momentos de ocio.<\/p>\n<p>Cuando est\u00e1s all\u00ed sientes que es realmente Dios quien convoca a todas esas personas. Dialogar sobre el mensaje de Jes\u00fas y c\u00f3mo lo ponemos en pr\u00e1ctica en cada una de nuestras vidas, ayuda a que ahondemos m\u00e1s en nuestra relaci\u00f3n personal con Dios y disfrutemos de los momentos de oraci\u00f3n personal.<a href=\"http:\/\/sallejoven.es\/wp-content\/uploads\/2018\/09\/DkOuZZRXcAELVED.jpg\"><img loading=\"lazy\" decoding=\"async\" class=\"size-medium wp-image-5047 alignright\" src=\"http:\/\/sallejoven.es\/wp-content\/uploads\/2018\/09\/DkOuZZRXcAELVED-300x225.jpg\" alt=\"\" width=\"300\" height=\"225\" \/><\/a><\/p>\n<p>El Hermano Alois, prior de la Comunidad, invita a todos los j\u00f3venes a vivir la \u201calegr\u00eda que nunca se acaba\u201d.<\/p>\n<p>En Taiz\u00e9 descubrimos que el mensaje del amor y de la paz puede convertirse en realidad.<\/p>\n<p>&nbsp;<\/p>\n<p>&nbsp;<\/p>\n<p>&nbsp;<\/p>\n<p>&nbsp;<\/p>\n\n<p>&nbsp;<\/p>\n<p>&nbsp;<\/p>\n<p>&nbsp;<\/p>\n<p>&nbsp;<\/p>\n<p>&nbsp;<\/p>\n","protected":false},"excerpt":{"rendered":"<p>Del verano nos quedan las experiencias para crecer. Estos son los testimonios que nos ofrecen algunos de los participantes en el encuentro Taiz\u00e9SalleARLEP Laura Sanz (Animadora Salle Joven. Profesora de Ed. Infantil en el Colegio Ntra. Sra. de Lourdes, Valladolid) Una semana en Taiz\u00e9 Durante una semana de este mes&#8230;<\/p>\n<p> <a class=\"continue-reading-link\" href=\"https:\/\/www.sallejoven.es\/?p=5052\"><span>Leer m\u00e1s<\/span><i class=\"crycon-right-dir\"><\/i><\/a> <\/p>\n","protected":false},"author":0,"featured_media":5037,"comment_status":"closed","ping_status":"open","sticky":false,"template":"","format":"standard","meta":{"footnotes":""},"categories":[262,246,259],"tags":[267,222,300,202,272,291],"class_list":["post-5052","post","type-post","status-publish","format-standard","has-post-thumbnail","hentry","category-destacado","category-portada","category-salle-joven","tag-encuentros","tag-pastoral","tag-salle-arlep","tag-salle-joven","tag-taize","tag-verano"],"_links":{"self":[{"href":"https:\/\/www.sallejoven.es\/index.php?rest_route=\/wp\/v2\/posts\/5052","targetHints":{"allow":["GET"]}}],"collection":[{"href":"https:\/\/www.sallejoven.es\/index.php?rest_route=\/wp\/v2\/posts"}],"about":[{"href":"https:\/\/www.sallejoven.es\/index.php?rest_route=\/wp\/v2\/types\/post"}],"replies":[{"embeddable":true,"href":"https:\/\/www.sallejoven.es\/index.php?rest_route=%2Fwp%2Fv2%2Fcomments&post=5052"}],"version-history":[{"count":0,"href":"https:\/\/www.sallejoven.es\/index.php?rest_route=\/wp\/v2\/posts\/5052\/revisions"}],"wp:featuredmedia":[{"embeddable":true,"href":"https:\/\/www.sallejoven.es\/index.php?rest_route=\/"}],"wp:attachment":[{"href":"https:\/\/www.sallejoven.es\/index.php?rest_route=%2Fwp%2Fv2%2Fmedia&parent=5052"}],"wp:term":[{"taxonomy":"category","embeddable":true,"href":"https:\/\/www.sallejoven.es\/index.php?rest_route=%2Fwp%2Fv2%2Fcategories&post=5052"},{"taxonomy":"post_tag","embeddable":true,"href":"https:\/\/www.sallejoven.es\/index.php?rest_route=%2Fwp%2Fv2%2Ftags&post=5052"}],"curies":[{"name":"wp","href":"https:\/\/api.w.org\/{rel}","templated":true}]}}