{"id":5027,"date":"2018-09-11T23:05:40","date_gmt":"2018-09-11T22:05:40","guid":{"rendered":"http:\/\/sallejoven.sallep.net\/?p=5027"},"modified":"2018-09-11T23:05:40","modified_gmt":"2018-09-11T22:05:40","slug":"encuentro-universitariosyjovad-sallejovenva-con-toda-la-carne-en-el-asador","status":"publish","type":"post","link":"https:\/\/www.sallejoven.es\/?p=5027","title":{"rendered":"Encuentro #UniversitariosYJOVAD @SalleJovenVA. Con toda la carne en el asador"},"content":{"rendered":"<p><strong>8 de septiembre, fiesta de la Virgen de San Lorenzo.<\/strong> Con las brasas ardiendo y siendo festivo en Valladolid, los representantes de los grupos universitarios del Sector participaron, de nuevo, en el comienzo de las actividades Salle Joven: la tradici\u00f3n reuni\u00f3n de la coordinadora universitaria y posterior barbacoa.<\/p>\n<p>La ma\u00f1ana congreg\u00f3 a j\u00f3venes y no tan j\u00f3venes miembros de grupos cristianos universitarios y adultos. La perspectiva que ten\u00edan por delante era poner en marcha el curso, calendario, proyectos, compartir las novedades del verano y planificar las acciones pr\u00f3ximas y empezar a o\u00edr qu\u00e9 es eso del Proyecto Galilea, la nueva apuesta pastoral para estas etapas.<\/p>\n<p>Una vez encontrados, planificados y con ganas de fiesto, los j\u00f3venes portugueses, gallegos, asturianos, c\u00e1ntabros y castellanos que se dieron cita en la residencia La Salle de Valladolid degustaron las viandas asadas por los Hermanos de la Comunidad Pastoral y pasaron a la siguiente fase,<strong> \u00a1fiesta en Valladolid!<\/strong><\/p>\n<p>A partir de ahora, seguro que se empiezan a suceder novedades Salle Joven en el curso en el que #SomosLaSalle<\/p>\n\n","protected":false},"excerpt":{"rendered":"<p>8 de septiembre, fiesta de la Virgen de San Lorenzo. Con las brasas ardiendo y siendo festivo en Valladolid, los representantes de los grupos universitarios del Sector participaron, de nuevo, en el comienzo de las actividades Salle Joven: la tradici\u00f3n reuni\u00f3n de la coordinadora universitaria y posterior barbacoa. La ma\u00f1ana&#8230;<\/p>\n<p> <a class=\"continue-reading-link\" href=\"https:\/\/www.sallejoven.es\/?p=5027\"><span>Leer m\u00e1s<\/span><i class=\"crycon-right-dir\"><\/i><\/a> <\/p>\n","protected":false},"author":0,"featured_media":5026,"comment_status":"closed","ping_status":"open","sticky":false,"template":"","format":"standard","meta":{"footnotes":""},"categories":[262,246,259],"tags":[292,293,267,298,202,203,299,271],"class_list":["post-5027","post","type-post","status-publish","format-standard","has-post-thumbnail","hentry","category-destacado","category-portada","category-salle-joven","tag-barbacoa","tag-coordinadora-universitaria","tag-encuentros","tag-proyecto-galilea","tag-salle-joven","tag-sector-valladolid","tag-universtarios","tag-valladolid"],"_links":{"self":[{"href":"https:\/\/www.sallejoven.es\/index.php?rest_route=\/wp\/v2\/posts\/5027","targetHints":{"allow":["GET"]}}],"collection":[{"href":"https:\/\/www.sallejoven.es\/index.php?rest_route=\/wp\/v2\/posts"}],"about":[{"href":"https:\/\/www.sallejoven.es\/index.php?rest_route=\/wp\/v2\/types\/post"}],"replies":[{"embeddable":true,"href":"https:\/\/www.sallejoven.es\/index.php?rest_route=%2Fwp%2Fv2%2Fcomments&post=5027"}],"version-history":[{"count":0,"href":"https:\/\/www.sallejoven.es\/index.php?rest_route=\/wp\/v2\/posts\/5027\/revisions"}],"wp:featuredmedia":[{"embeddable":true,"href":"https:\/\/www.sallejoven.es\/index.php?rest_route=\/"}],"wp:attachment":[{"href":"https:\/\/www.sallejoven.es\/index.php?rest_route=%2Fwp%2Fv2%2Fmedia&parent=5027"}],"wp:term":[{"taxonomy":"category","embeddable":true,"href":"https:\/\/www.sallejoven.es\/index.php?rest_route=%2Fwp%2Fv2%2Fcategories&post=5027"},{"taxonomy":"post_tag","embeddable":true,"href":"https:\/\/www.sallejoven.es\/index.php?rest_route=%2Fwp%2Fv2%2Ftags&post=5027"}],"curies":[{"name":"wp","href":"https:\/\/api.w.org\/{rel}","templated":true}]}}