{"id":4986,"date":"2018-09-10T22:56:11","date_gmt":"2018-09-10T21:56:11","guid":{"rendered":"http:\/\/sallejoven.sallep.net\/?p=4986"},"modified":"2018-09-10T22:56:11","modified_gmt":"2018-09-10T21:56:11","slug":"encuentro-relem-younglasallian-relemyl","status":"publish","type":"post","link":"https:\/\/www.sallejoven.es\/?p=4986","title":{"rendered":"Encuentro RELEM: #YoungLasallian #RELEMYL"},"content":{"rendered":"<p>La educaci\u00f3n humana y cristiana va mucho m\u00e1s all\u00e1 de las paredes de la escuela: es experiencia lasaliana.<\/p>\n<p>J\u00f3venes lasalianos de toda la regi\u00f3n lasaliana de Europa y Mediterr\u00e1neo se dieron cita en Roma para compartir sus experiencias en La Salle.<\/p>\n<p>Es el resultado que puede apreciarse en las im\u00e1genes de los que han vivido esta oportunidad de encuentro.<\/p>\n\n","protected":false},"excerpt":{"rendered":"<p>La educaci\u00f3n humana y cristiana va mucho m\u00e1s all\u00e1 de las paredes de la escuela: es experiencia lasaliana. J\u00f3venes lasalianos de toda la regi\u00f3n lasaliana de Europa y Mediterr\u00e1neo se dieron cita en Roma para compartir sus experiencias en La Salle. Es el resultado que puede apreciarse en las im\u00e1genes&#8230;<\/p>\n<p> <a class=\"continue-reading-link\" href=\"https:\/\/www.sallejoven.es\/?p=4986\"><span>Leer m\u00e1s<\/span><i class=\"crycon-right-dir\"><\/i><\/a> <\/p>\n","protected":false},"author":0,"featured_media":4964,"comment_status":"closed","ping_status":"open","sticky":false,"template":"","format":"standard","meta":{"footnotes":""},"categories":[262,246,259],"tags":[267,296,297,245,202],"class_list":["post-4986","post","type-post","status-publish","format-standard","has-post-thumbnail","hentry","category-destacado","category-portada","category-salle-joven","tag-encuentros","tag-europa","tag-relem","tag-roma","tag-salle-joven"],"_links":{"self":[{"href":"https:\/\/www.sallejoven.es\/index.php?rest_route=\/wp\/v2\/posts\/4986","targetHints":{"allow":["GET"]}}],"collection":[{"href":"https:\/\/www.sallejoven.es\/index.php?rest_route=\/wp\/v2\/posts"}],"about":[{"href":"https:\/\/www.sallejoven.es\/index.php?rest_route=\/wp\/v2\/types\/post"}],"replies":[{"embeddable":true,"href":"https:\/\/www.sallejoven.es\/index.php?rest_route=%2Fwp%2Fv2%2Fcomments&post=4986"}],"version-history":[{"count":0,"href":"https:\/\/www.sallejoven.es\/index.php?rest_route=\/wp\/v2\/posts\/4986\/revisions"}],"wp:featuredmedia":[{"embeddable":true,"href":"https:\/\/www.sallejoven.es\/index.php?rest_route=\/"}],"wp:attachment":[{"href":"https:\/\/www.sallejoven.es\/index.php?rest_route=%2Fwp%2Fv2%2Fmedia&parent=4986"}],"wp:term":[{"taxonomy":"category","embeddable":true,"href":"https:\/\/www.sallejoven.es\/index.php?rest_route=%2Fwp%2Fv2%2Fcategories&post=4986"},{"taxonomy":"post_tag","embeddable":true,"href":"https:\/\/www.sallejoven.es\/index.php?rest_route=%2Fwp%2Fv2%2Ftags&post=4986"}],"curies":[{"name":"wp","href":"https:\/\/api.w.org\/{rel}","templated":true}]}}