{"id":495,"date":"2016-02-22T21:42:28","date_gmt":"2016-02-22T20:42:28","guid":{"rendered":"http:\/\/sallejoven.sallep.net\/?p=495"},"modified":"2016-02-22T21:42:28","modified_gmt":"2016-02-22T20:42:28","slug":"vigiliacuaresmacantabria","status":"publish","type":"post","link":"https:\/\/www.sallejoven.es\/?p=495","title":{"rendered":"Vigilia de Cuaresma en Cantabria"},"content":{"rendered":"<p><a href=\"http:\/\/corrales.lasalle.es\/wp-content\/uploads\/2016\/02\/IMG_5052.jpg\"><img loading=\"lazy\" decoding=\"async\" class=\"alignleft wp-image-10983\" src=\"http:\/\/corrales.lasalle.es\/wp-content\/uploads\/2016\/02\/IMG_5052.jpg\" alt=\"IMG_5052\" width=\"409\" height=\"245\" \/><\/a>El <strong>s\u00e1bado, 20 de febrero<\/strong>, celebramos la<strong>Vigilia de Cuaresma<\/strong>, un momento de preparaci\u00f3n para este tiempo lit\u00fargico que acabamos de comenzar.\u00a0 Casi <strong>200 personas entre chicos, padres y animadores<\/strong>, y como viene siendo tradicional lo celebramos juntos La Salle Santander y La Salle Corrales en la capital de Cantabria.<\/p>\n<p>Los animadores tuvieron su momento de encuentro y de experiencia personal por la ma\u00f1ana en la pen\u00ednsula de la Magdalena. Ya por la tarde, la celebraci\u00f3n estuvo precedida de <strong>talleres <\/strong>divididos por etapas. Los m\u00e1s peque\u00f1os tuvieron 3 talleres conociendo, reflexionando\u00a0 y compartiendo sobre<strong> 14 formas de vivir mejor la cuaresma<\/strong>: las 14 obras de misericordia.<\/p>\n<p>Siguiendo una invitaci\u00f3n a vivirlas del Papa Francisco en el <a href=\"https:\/\/www.youtube.com\/watch?v=VC44DMj6_nc\" target=\"_blank\" rel=\"noopener noreferrer\">A\u00f1o Santo de la Misericordia<\/a>. Los chicos de Secundaria tuvieron un testimonio por parte del H. Luis. Les habl\u00f3 de c\u00f3mo vive estas obras de misericordia desde su labor como acompa\u00f1ante de voluntarios y desde su constante participaci\u00f3n en proyectos de verano en pa\u00edses del Tercer Mundo con PROYDE. A continuaci\u00f3n expresaron en murales c\u00f3mo viven y pueden vivirlas ellos.<\/p>\n<p>Las <strong>celebraciones <\/strong>divididas por niveles estuvieron ambientadas en c\u00f3mo vivir estas obras. Un encuentro con los dem\u00e1s y con Jes\u00fas. Y se acab\u00f3 con un chocolate, sin duda una excusa m\u00e1s para seguir compartiendo.<\/p>\n<p>Que seamos capaces de vivir esta cuaresma, tiempo de misericordia, y as\u00ed prepararnos para la Pascua, especialmente aquellos que viajen a Bujedo<\/p>\n<p><a href=\"https:\/\/goo.gl\/photos\/PpKoh1TC4iwWP6Xq6\" target=\"_blank\" rel=\"noopener noreferrer\">Ver m\u00e1s fotos<\/a><\/p>\n<p><a href=\"https:\/\/goo.gl\/photos\/PpKoh1TC4iwWP6Xq6\" target=\"_blank\" rel=\"noopener noreferrer\">https:\/\/goo.gl\/photos\/PpKoh1TC4iwWP6Xq6<\/a><\/p>\n<p><a href=\"http:\/\/www.lasallesantander.es\/index.php\/noticias\/41-noticias-pastoral\/1902-vigiliacuaresma2016\" target=\"_blank\" rel=\"noopener noreferrer\">Ver noticia en La Salle Santander<\/a><\/p>\n<p><a title=\"salle joven\" href=\"https:\/\/twitter.com\/sallejovenva\">@SalleJovenVA<\/a><\/p>\n<p><a href=\"http:\/\/corrales.lasalle.es\/?cat=5\" rel=\"category\">Otras noticias Audecor<\/a><\/p>\n<p><a href=\"http:\/\/corrales.lasalle.es\/?s=Proyecto+Estrella\" target=\"_blank\" rel=\"noopener noreferrer\">Otras noticias Proyecto Estrella<\/a><\/p>\n<p><a href=\"https:\/\/twitter.com\/hashtag\/ProyectoEstrella?src=hash\" target=\"_blank\" rel=\"noopener noreferrer\">#ProyectoEstrella<\/a><\/p>\n<p><a href=\"http:\/\/corrales.lasalle.es\/wp-content\/uploads\/2016\/02\/IMG_5041.jpg\"><img loading=\"lazy\" decoding=\"async\" class=\"alignleft wp-image-10982\" src=\"http:\/\/corrales.lasalle.es\/wp-content\/uploads\/2016\/02\/IMG_5041.jpg\" alt=\"IMG_5041\" width=\"298\" height=\"200\" \/><\/a><a href=\"http:\/\/corrales.lasalle.es\/wp-content\/uploads\/2016\/02\/IMG_5018.jpg\"><img loading=\"lazy\" decoding=\"async\" class=\"alignleft wp-image-10981\" src=\"http:\/\/corrales.lasalle.es\/wp-content\/uploads\/2016\/02\/IMG_5018.jpg\" alt=\"IMG_5018\" width=\"219\" height=\"168\" \/><\/a><a href=\"http:\/\/corrales.lasalle.es\/wp-content\/uploads\/2016\/02\/IMG_4983.jpg\"><img loading=\"lazy\" decoding=\"async\" class=\"alignleft wp-image-10980\" src=\"http:\/\/corrales.lasalle.es\/wp-content\/uploads\/2016\/02\/IMG_4983.jpg\" alt=\"IMG_4983\" width=\"299\" height=\"144\" \/><\/a><\/p>\n<div class=\"clear\"><\/div>\n<div class=\"social\">\n<p>&nbsp;<\/p>\n<\/div>\n","protected":false},"excerpt":{"rendered":"<p>El s\u00e1bado, 20 de febrero, celebramos laVigilia de Cuaresma, un momento de preparaci\u00f3n para este tiempo lit\u00fargico que acabamos de comenzar.\u00a0 Casi 200 personas entre chicos, padres y animadores, y como viene siendo tradicional lo celebramos juntos La Salle Santander y La Salle Corrales en la capital de Cantabria. Los&#8230;<\/p>\n<p> <a class=\"continue-reading-link\" href=\"https:\/\/www.sallejoven.es\/?p=495\"><span>Leer m\u00e1s<\/span><i class=\"crycon-right-dir\"><\/i><\/a> <\/p>\n","protected":false},"author":0,"featured_media":498,"comment_status":"open","ping_status":"open","sticky":false,"template":"","format":"standard","meta":{"footnotes":""},"categories":[215,219],"tags":[230,231,232,213,214,233,182,222,234,202,203],"class_list":["post-495","post","type-post","status-publish","format-standard","has-post-thumbnail","hentry","category-corrales","category-santander","tag-actividades-extraescolares","tag-alumnos","tag-antiguos-alumnos","tag-audecor","tag-cantabria","tag-colegio-san-juan-bautista","tag-la-salle","tag-pastoral","tag-proyecto-estrella","tag-salle-joven","tag-sector-valladolid"],"_links":{"self":[{"href":"https:\/\/www.sallejoven.es\/index.php?rest_route=\/wp\/v2\/posts\/495","targetHints":{"allow":["GET"]}}],"collection":[{"href":"https:\/\/www.sallejoven.es\/index.php?rest_route=\/wp\/v2\/posts"}],"about":[{"href":"https:\/\/www.sallejoven.es\/index.php?rest_route=\/wp\/v2\/types\/post"}],"replies":[{"embeddable":true,"href":"https:\/\/www.sallejoven.es\/index.php?rest_route=%2Fwp%2Fv2%2Fcomments&post=495"}],"version-history":[{"count":0,"href":"https:\/\/www.sallejoven.es\/index.php?rest_route=\/wp\/v2\/posts\/495\/revisions"}],"wp:featuredmedia":[{"embeddable":true,"href":"https:\/\/www.sallejoven.es\/index.php?rest_route=\/"}],"wp:attachment":[{"href":"https:\/\/www.sallejoven.es\/index.php?rest_route=%2Fwp%2Fv2%2Fmedia&parent=495"}],"wp:term":[{"taxonomy":"category","embeddable":true,"href":"https:\/\/www.sallejoven.es\/index.php?rest_route=%2Fwp%2Fv2%2Fcategories&post=495"},{"taxonomy":"post_tag","embeddable":true,"href":"https:\/\/www.sallejoven.es\/index.php?rest_route=%2Fwp%2Fv2%2Ftags&post=495"}],"curies":[{"name":"wp","href":"https:\/\/api.w.org\/{rel}","templated":true}]}}