{"id":4795,"date":"2018-08-22T23:04:25","date_gmt":"2018-08-22T22:04:25","guid":{"rendered":"http:\/\/sallejoven.sallep.net\/?p=4795"},"modified":"2018-08-22T23:04:25","modified_gmt":"2018-08-22T22:04:25","slug":"utopia18-en-bujedo18","status":"publish","type":"post","link":"https:\/\/www.sallejoven.es\/?p=4795","title":{"rendered":"#Utop\u00eda18 en #Bujedo18"},"content":{"rendered":"<p>Amigos para un mundo nuevo, donde todos podamos vivir en paz.<\/p>\n<p>Uniendo sus manos, los acampados de Fontecha vencieron el reto de construir un nuevo mundo nuevo.<\/p>\n<p>Es #Utop\u00eda18, con los muchachos de Segundo ESO.<\/p>\n<p><a href=\"http:\/\/sallejoven.sallep.net\/campamento-utopia18\/\" target=\"_blank\" rel=\"noopener noreferrer\">Fotograf\u00edas de #Utop\u00eda18 2 ESO en #Bujedo18<\/a><\/p>\n<p><a href=\"http:\/\/sallejoven.es\/wp-content\/uploads\/2018\/08\/IMG_6106.jpg\"><img loading=\"lazy\" decoding=\"async\" class=\"alignnone size-medium wp-image-4761\" src=\"http:\/\/sallejoven.es\/wp-content\/uploads\/2018\/08\/IMG_6106-300x200.jpg\" alt=\"\" width=\"300\" height=\"200\" \/><\/a><\/p>\n<h1>Verano Bujedo 2018<\/h1>\n<div class=\"btn-area\"><a class=\"callout-btn1\" href=\"http:\/\/sallejoven.sallep.net\/verano-salle-joven-2018\/\">Cr\u00f3nicas y Fotograf\u00edas<\/a><\/div>\n","protected":false},"excerpt":{"rendered":"<p>Amigos para un mundo nuevo, donde todos podamos vivir en paz. Uniendo sus manos, los acampados de Fontecha vencieron el reto de construir un nuevo mundo nuevo. Es #Utop\u00eda18, con los muchachos de Segundo ESO. Fotograf\u00edas de #Utop\u00eda18 2 ESO en #Bujedo18 Verano Bujedo 2018 Cr\u00f3nicas y Fotograf\u00edas<\/p>\n<p> <a class=\"continue-reading-link\" href=\"https:\/\/www.sallejoven.es\/?p=4795\"><span>Leer m\u00e1s<\/span><i class=\"crycon-right-dir\"><\/i><\/a> <\/p>\n","protected":false},"author":0,"featured_media":4749,"comment_status":"closed","ping_status":"open","sticky":false,"template":"","format":"standard","meta":{"footnotes":""},"categories":[263,262,246,259],"tags":[],"class_list":["post-4795","post","type-post","status-publish","format-standard","has-post-thumbnail","hentry","category-bujedo","category-destacado","category-portada","category-salle-joven"],"_links":{"self":[{"href":"https:\/\/www.sallejoven.es\/index.php?rest_route=\/wp\/v2\/posts\/4795","targetHints":{"allow":["GET"]}}],"collection":[{"href":"https:\/\/www.sallejoven.es\/index.php?rest_route=\/wp\/v2\/posts"}],"about":[{"href":"https:\/\/www.sallejoven.es\/index.php?rest_route=\/wp\/v2\/types\/post"}],"replies":[{"embeddable":true,"href":"https:\/\/www.sallejoven.es\/index.php?rest_route=%2Fwp%2Fv2%2Fcomments&post=4795"}],"version-history":[{"count":0,"href":"https:\/\/www.sallejoven.es\/index.php?rest_route=\/wp\/v2\/posts\/4795\/revisions"}],"wp:featuredmedia":[{"embeddable":true,"href":"https:\/\/www.sallejoven.es\/index.php?rest_route=\/"}],"wp:attachment":[{"href":"https:\/\/www.sallejoven.es\/index.php?rest_route=%2Fwp%2Fv2%2Fmedia&parent=4795"}],"wp:term":[{"taxonomy":"category","embeddable":true,"href":"https:\/\/www.sallejoven.es\/index.php?rest_route=%2Fwp%2Fv2%2Fcategories&post=4795"},{"taxonomy":"post_tag","embeddable":true,"href":"https:\/\/www.sallejoven.es\/index.php?rest_route=%2Fwp%2Fv2%2Ftags&post=4795"}],"curies":[{"name":"wp","href":"https:\/\/api.w.org\/{rel}","templated":true}]}}