{"id":4718,"date":"2018-08-20T22:20:38","date_gmt":"2018-08-20T21:20:38","guid":{"rendered":"http:\/\/sallejoven.sallep.net\/?p=4718"},"modified":"2018-08-20T22:20:38","modified_gmt":"2018-08-20T21:20:38","slug":"coloniapirata2018","status":"publish","type":"post","link":"https:\/\/www.sallejoven.es\/?p=4718","title":{"rendered":"#ColoniaPirata18 en #Bujedo18"},"content":{"rendered":"<p>Este verano, la #ColoniaPirata18 de Sexto de Primaria han superado el reto de recuperar el tesoro!<\/p>\n<p>\u00a1Unos valientes estos piratas! Han disfrutado, re\u00eddo, convivido, y se han conocido a lo largo de los d\u00edas de la Colonia en #Bujedo18<\/p>\n<p><a href=\"http:\/\/sallejoven.sallep.net\/colonia-pirata-2018\/\" target=\"_blank\" rel=\"noopener noreferrer\">Fotograf\u00edas de #ColoniaPirata18 6\u00ba EP en #Bujedo18<\/a><\/p>\n<p><a href=\"http:\/\/sallejoven.es\/wp-content\/uploads\/2018\/08\/IMG_20180714_012928_252.jpg\"><img loading=\"lazy\" decoding=\"async\" class=\"alignnone size-medium wp-image-4619\" src=\"http:\/\/sallejoven.es\/wp-content\/uploads\/2018\/08\/IMG_20180714_012928_252-300x225.jpg\" alt=\"\" width=\"300\" height=\"225\" \/><\/a><\/p>\n<h1>Verano Bujedo 2018<\/h1>\n<div class=\"btn-area\"><a class=\"callout-btn1\" href=\"http:\/\/sallejoven.sallep.net\/verano-salle-joven-2018\/\">Cr\u00f3nicas y Fotograf\u00edas<\/a><\/div>\n","protected":false},"excerpt":{"rendered":"<p>Este verano, la #ColoniaPirata18 de Sexto de Primaria han superado el reto de recuperar el tesoro! \u00a1Unos valientes estos piratas! Han disfrutado, re\u00eddo, convivido, y se han conocido a lo largo de los d\u00edas de la Colonia en #Bujedo18 Fotograf\u00edas de #ColoniaPirata18 6\u00ba EP en #Bujedo18 Verano Bujedo 2018 Cr\u00f3nicas&#8230;<\/p>\n<p> <a class=\"continue-reading-link\" href=\"https:\/\/www.sallejoven.es\/?p=4718\"><span>Leer m\u00e1s<\/span><i class=\"crycon-right-dir\"><\/i><\/a> <\/p>\n","protected":false},"author":0,"featured_media":4551,"comment_status":"closed","ping_status":"open","sticky":false,"template":"","format":"standard","meta":{"footnotes":""},"categories":[263,262,246,259],"tags":[235,202,291],"class_list":["post-4718","post","type-post","status-publish","format-standard","has-post-thumbnail","hentry","category-bujedo","category-destacado","category-portada","category-salle-joven","tag-bujedo","tag-salle-joven","tag-verano"],"_links":{"self":[{"href":"https:\/\/www.sallejoven.es\/index.php?rest_route=\/wp\/v2\/posts\/4718","targetHints":{"allow":["GET"]}}],"collection":[{"href":"https:\/\/www.sallejoven.es\/index.php?rest_route=\/wp\/v2\/posts"}],"about":[{"href":"https:\/\/www.sallejoven.es\/index.php?rest_route=\/wp\/v2\/types\/post"}],"replies":[{"embeddable":true,"href":"https:\/\/www.sallejoven.es\/index.php?rest_route=%2Fwp%2Fv2%2Fcomments&post=4718"}],"version-history":[{"count":0,"href":"https:\/\/www.sallejoven.es\/index.php?rest_route=\/wp\/v2\/posts\/4718\/revisions"}],"wp:featuredmedia":[{"embeddable":true,"href":"https:\/\/www.sallejoven.es\/index.php?rest_route=\/"}],"wp:attachment":[{"href":"https:\/\/www.sallejoven.es\/index.php?rest_route=%2Fwp%2Fv2%2Fmedia&parent=4718"}],"wp:term":[{"taxonomy":"category","embeddable":true,"href":"https:\/\/www.sallejoven.es\/index.php?rest_route=%2Fwp%2Fv2%2Fcategories&post=4718"},{"taxonomy":"post_tag","embeddable":true,"href":"https:\/\/www.sallejoven.es\/index.php?rest_route=%2Fwp%2Fv2%2Ftags&post=4718"}],"curies":[{"name":"wp","href":"https:\/\/api.w.org\/{rel}","templated":true}]}}