{"id":460,"date":"2018-04-27T17:50:59","date_gmt":"2018-04-27T17:50:59","guid":{"rendered":"https:\/\/www.sallejoven.es\/?p=460"},"modified":"2018-04-27T17:50:59","modified_gmt":"2018-04-27T17:50:59","slug":"encuentro-de-jovenes-lasalianos-suma-y-sigue-en-tarragona-el-proximo-verano","status":"publish","type":"post","link":"https:\/\/www.sallejoven.es\/?p=460","title":{"rendered":"Encuentro de J\u00f3venes Lasalianos \u00abSuma y sigue\u00bb en Tarragona el pr\u00f3ximo verano"},"content":{"rendered":"<p><img loading=\"lazy\" decoding=\"async\" class=\" wp-image-462 alignleft\" src=\"https:\/\/www.sallejoven.es\/wp-content\/uploads\/2018\/04\/ENCUENTRO-SUMA-Y-SIGUE-350x500.png\" alt=\"\" width=\"244\" height=\"349\" srcset=\"https:\/\/www.sallejoven.es\/wp-content\/uploads\/2018\/04\/ENCUENTRO-SUMA-Y-SIGUE-350x500.png 350w, https:\/\/www.sallejoven.es\/wp-content\/uploads\/2018\/04\/ENCUENTRO-SUMA-Y-SIGUE-105x150.png 105w, https:\/\/www.sallejoven.es\/wp-content\/uploads\/2018\/04\/ENCUENTRO-SUMA-Y-SIGUE.png 583w\" sizes=\"auto, (max-width: 244px) 100vw, 244px\" \/><\/p>\n<p>Queridos j\u00f3venes Lasalianos.<\/p>\n<p>El pr\u00f3ximo verano se celebrar\u00e1 un<strong> encuentro juvenil en Tarragona<\/strong>, concretamente del 30 de julio al 4 de agosto de 2018.<\/p>\n<p>Un encuentro para sumar, profundizar y mejorar los lazos entre los j\u00f3venes de distintos lugares, para generar lazos, informar y reflexionar sobre ideas y propuestas generadas en otros encuentros&#8230; un encuentro para disfrutar y sentirse #LaSalle.<\/p>\n<p>Puedes descargar el folleto informativo en los siguientes enlaces:<\/p>\n<p style=\"text-align: center;\"><a href=\"https:\/\/www.sallejoven.es\/wp-content\/uploads\/2018\/04\/Folleto-Suma-y-Sigue-2018-red.pdf\" target=\"_blank\" rel=\"noopener\">CASTELLANO<\/a> \/ <a href=\"https:\/\/www.sallejoven.es\/wp-content\/uploads\/2018\/04\/Fullet-Suma-y-Sigue-2018-red.pdf\" target=\"_blank\" rel=\"noopener\">CATAL\u00c0<\/a><\/p>\n<p>INSCRIPCIONES hasta el 15 de mayo.<\/p>\n<p>Acceso a los formularios de inscripci\u00f3n: <a href=\"https:\/\/goo.gl\/TA73YZ\" target=\"_blank\" rel=\"noopener\">CASTELLANO<\/a> \/ <a href=\"https:\/\/goo.gl\/k1XgmV\">CATAL\u00c0<\/a><\/p>\n<p>&nbsp;<\/p>\n","protected":false},"excerpt":{"rendered":"<p>Queridos j\u00f3venes Lasalianos. El pr\u00f3ximo verano se celebrar\u00e1 un encuentro juvenil en Tarragona, concretamente del 30 de julio al 4 de agosto de 2018. Un encuentro para sumar, profundizar y mejorar los lazos entre los j\u00f3venes de distintos lugares, para generar lazos, informar y reflexionar sobre ideas y propuestas generadas&#8230;<\/p>\n<p> <a class=\"continue-reading-link\" href=\"https:\/\/www.sallejoven.es\/?p=460\"><span>Leer m\u00e1s<\/span><i class=\"crycon-right-dir\"><\/i><\/a> <\/p>\n","protected":false},"author":5,"featured_media":0,"comment_status":"open","ping_status":"open","sticky":false,"template":"","format":"image","meta":{"footnotes":""},"categories":[1],"tags":[],"class_list":["post-460","post","type-post","status-publish","format-image","hentry","category-uncategorized","post_format-post-format-image"],"_links":{"self":[{"href":"https:\/\/www.sallejoven.es\/index.php?rest_route=\/wp\/v2\/posts\/460","targetHints":{"allow":["GET"]}}],"collection":[{"href":"https:\/\/www.sallejoven.es\/index.php?rest_route=\/wp\/v2\/posts"}],"about":[{"href":"https:\/\/www.sallejoven.es\/index.php?rest_route=\/wp\/v2\/types\/post"}],"author":[{"embeddable":true,"href":"https:\/\/www.sallejoven.es\/index.php?rest_route=\/wp\/v2\/users\/5"}],"replies":[{"embeddable":true,"href":"https:\/\/www.sallejoven.es\/index.php?rest_route=%2Fwp%2Fv2%2Fcomments&post=460"}],"version-history":[{"count":1,"href":"https:\/\/www.sallejoven.es\/index.php?rest_route=\/wp\/v2\/posts\/460\/revisions"}],"predecessor-version":[{"id":464,"href":"https:\/\/www.sallejoven.es\/index.php?rest_route=\/wp\/v2\/posts\/460\/revisions\/464"}],"wp:attachment":[{"href":"https:\/\/www.sallejoven.es\/index.php?rest_route=%2Fwp%2Fv2%2Fmedia&parent=460"}],"wp:term":[{"taxonomy":"category","embeddable":true,"href":"https:\/\/www.sallejoven.es\/index.php?rest_route=%2Fwp%2Fv2%2Fcategories&post=460"},{"taxonomy":"post_tag","embeddable":true,"href":"https:\/\/www.sallejoven.es\/index.php?rest_route=%2Fwp%2Fv2%2Ftags&post=460"}],"curies":[{"name":"wp","href":"https:\/\/api.w.org\/{rel}","templated":true}]}}