{"id":431,"date":"2018-02-25T17:22:02","date_gmt":"2018-02-25T17:22:02","guid":{"rendered":"https:\/\/www.sallejoven.es\/?p=431"},"modified":"2018-03-22T08:47:50","modified_gmt":"2018-03-22T08:47:50","slug":"jmj-panama-2019-te-apuntas","status":"publish","type":"post","link":"https:\/\/www.sallejoven.es\/?p=431","title":{"rendered":"JMJ Panam\u00e1 2019 \u00bfte apuntas?"},"content":{"rendered":"<p><img loading=\"lazy\" decoding=\"async\" class=\"aligncenter wp-image-432 size-full\" src=\"https:\/\/www.sallejoven.es\/wp-content\/uploads\/2018\/03\/JMJ-2019-Primer-anuncio.png\" alt=\"\" width=\"800\" height=\"800\" \/><\/p>\n<p>\u00bfQuieres participar en una experiencia \u00fanica? Las <strong>Jornadas Mundiales de la Juventud en Panam\u00e1<\/strong> nos est\u00e1n esperando.<\/p>\n<p>\u00bfQuieres m\u00e1s informaci\u00f3n? Puedes apuntarse en el siguiente enlace, sin ning\u00fan compromiso:\u00a0<a href=\"https:\/\/docs.google.com\/forms\/d\/e\/1FAIpQLSch4dae1J9AOSUhJJZyNR3suSK0vZ0OOMDjuSTP8fEu_ILVfw\/viewform\" target=\"_blank\" rel=\"noopener\" data-saferedirecturl=\"https:\/\/www.google.com\/url?hl=es&amp;q=https:\/\/docs.google.com\/forms\/d\/e\/1FAIpQLSch4dae1J9AOSUhJJZyNR3suSK0vZ0OOMDjuSTP8fEu_ILVfw\/viewform&amp;source=gmail&amp;ust=1519664640202000&amp;usg=AFQjCNG0pU4mCWfZ0vNdV8vsHEWIji0_sQ\">https:\/\/docs.google.<wbr \/>com\/forms\/d\/e\/<wbr \/>1FAIpQLSch4dae1J9AOSUhJJZyNR3s<wbr \/>uSK0vZ0OOMDjuSTP8fEu_ILVfw\/<wbr \/>viewform<\/a><\/p>\n<div>\n<div>Adem\u00e1s de participar en las JMJ, nuestro grupo, participar\u00e1 en el <strong>Encuentro mundial de J\u00f3venes Lasalianos #300LaSalle<\/strong>.<\/div>\n<div><\/div>\n<div>\u00bfPresupuesto? Unos 1500 \u20ac por participante, todo incluido.<\/div>\n<\/div>\n<div><\/div>\n<div>Ya sabes, que si quieres m\u00e1s informaci\u00f3n, no dudes en pinchar en el enlace anterior y poner tus datos, estar\u00e1s informado.<\/div>\n","protected":false},"excerpt":{"rendered":"<p>\u00bfQuieres participar en una experiencia \u00fanica? Las Jornadas Mundiales de la Juventud en Panam\u00e1 nos est\u00e1n esperando. \u00bfQuieres m\u00e1s informaci\u00f3n? Puedes apuntarse en el siguiente enlace, sin ning\u00fan compromiso:\u00a0https:\/\/docs.google.com\/forms\/d\/e\/1FAIpQLSch4dae1J9AOSUhJJZyNR3suSK0vZ0OOMDjuSTP8fEu_ILVfw\/viewform Adem\u00e1s de participar en las JMJ, nuestro grupo, participar\u00e1 en el Encuentro mundial de J\u00f3venes Lasalianos #300LaSalle. \u00bfPresupuesto? Unos 1500 \u20ac&#8230;<\/p>\n<p> <a class=\"continue-reading-link\" href=\"https:\/\/www.sallejoven.es\/?p=431\"><span>Leer m\u00e1s<\/span><i class=\"crycon-right-dir\"><\/i><\/a> <\/p>\n","protected":false},"author":5,"featured_media":0,"comment_status":"open","ping_status":"open","sticky":false,"template":"","format":"image","meta":{"footnotes":""},"categories":[1],"tags":[],"class_list":["post-431","post","type-post","status-publish","format-image","hentry","category-uncategorized","post_format-post-format-image"],"_links":{"self":[{"href":"https:\/\/www.sallejoven.es\/index.php?rest_route=\/wp\/v2\/posts\/431","targetHints":{"allow":["GET"]}}],"collection":[{"href":"https:\/\/www.sallejoven.es\/index.php?rest_route=\/wp\/v2\/posts"}],"about":[{"href":"https:\/\/www.sallejoven.es\/index.php?rest_route=\/wp\/v2\/types\/post"}],"author":[{"embeddable":true,"href":"https:\/\/www.sallejoven.es\/index.php?rest_route=\/wp\/v2\/users\/5"}],"replies":[{"embeddable":true,"href":"https:\/\/www.sallejoven.es\/index.php?rest_route=%2Fwp%2Fv2%2Fcomments&post=431"}],"version-history":[{"count":3,"href":"https:\/\/www.sallejoven.es\/index.php?rest_route=\/wp\/v2\/posts\/431\/revisions"}],"predecessor-version":[{"id":439,"href":"https:\/\/www.sallejoven.es\/index.php?rest_route=\/wp\/v2\/posts\/431\/revisions\/439"}],"wp:attachment":[{"href":"https:\/\/www.sallejoven.es\/index.php?rest_route=%2Fwp%2Fv2%2Fmedia&parent=431"}],"wp:term":[{"taxonomy":"category","embeddable":true,"href":"https:\/\/www.sallejoven.es\/index.php?rest_route=%2Fwp%2Fv2%2Fcategories&post=431"},{"taxonomy":"post_tag","embeddable":true,"href":"https:\/\/www.sallejoven.es\/index.php?rest_route=%2Fwp%2Fv2%2Ftags&post=431"}],"curies":[{"name":"wp","href":"https:\/\/api.w.org\/{rel}","templated":true}]}}