{"id":426,"date":"2018-02-25T16:21:51","date_gmt":"2018-02-25T16:21:51","guid":{"rendered":"https:\/\/www.sallejoven.es\/?p=426"},"modified":"2018-04-27T17:52:46","modified_gmt":"2018-04-27T17:52:46","slug":"peregrinacion-lasaliana-a-taize-en-agosto-de-2018","status":"publish","type":"post","link":"https:\/\/www.sallejoven.es\/?p=426","title":{"rendered":"Peregrinaci\u00f3n Lasaliana a Taiz\u00e9 en agosto de 2018"},"content":{"rendered":"<p><img loading=\"lazy\" decoding=\"async\" class=\"size-medium wp-image-427 alignleft\" src=\"https:\/\/www.sallejoven.es\/wp-content\/uploads\/2018\/02\/TAIZE\u0301-cartel.-imagen.-castellano-354x500.png\" alt=\"\" width=\"354\" height=\"500\" srcset=\"https:\/\/www.sallejoven.es\/wp-content\/uploads\/2018\/02\/TAIZE\u0301-cartel.-imagen.-castellano-354x500.png 354w, https:\/\/www.sallejoven.es\/wp-content\/uploads\/2018\/02\/TAIZE\u0301-cartel.-imagen.-castellano-768x1086.png 768w, https:\/\/www.sallejoven.es\/wp-content\/uploads\/2018\/02\/TAIZE\u0301-cartel.-imagen.-castellano-724x1024.png 724w, https:\/\/www.sallejoven.es\/wp-content\/uploads\/2018\/02\/TAIZE\u0301-cartel.-imagen.-castellano-106x150.png 106w, https:\/\/www.sallejoven.es\/wp-content\/uploads\/2018\/02\/TAIZE\u0301-cartel.-imagen.-castellano.png 1123w\" sizes=\"auto, (max-width: 354px) 100vw, 354px\" \/>La Delegaci\u00f3n de Pastoral del Distrito Arlep convoca una <em><strong>experiencia en Taiz\u00e9<\/strong><\/em>, el pr\u00f3ximo agosto, <strong>del 5 al 12 de agosto de 2018.<\/strong><\/p>\n<p>El domingo 5 de agosto saldremos hacia Taiz\u00e9 (Francia) un grupo de<strong> j\u00f3venes lasalianos y educadores del Distrito ARLEP<\/strong>. Taiz\u00e9, cerca de Lyon, es un lugar privilegiado donde se nos ofrece una <strong>experiencia de comuni\u00f3n, de universalidad y de oraci\u00f3n.<\/strong> Nos incorporaremos a un gran movimiento de literalmente miles de j\u00f3venes que compartir\u00e1n con nosotros una semana entera de experiencia, llamada <strong>\u00abperegrinaci\u00f3n de confianza\u00bb<\/strong>. Durante el Encuentro estaremos abiertos a lo que se nos ofrece, sin hacer problema de lo desconocido. All\u00ed nos encontraremos cristianos de todas las confesiones (cat\u00f3licos, protestantes, ortodoxos, anglicanos&#8230;), personas de muchos pa\u00edses, culturas y costumbres diversas&#8230; \u00a1<strong>Es una oportunidad para todos!<\/strong><\/p>\n<p>Pod\u00e9is acceder a m\u00e1s datos en el siguiente documento: <a href=\"https:\/\/www.sallejoven.es\/wp-content\/uploads\/2018\/03\/Taiz\u00e9-2018_reducido.pdf\" target=\"_blank\" rel=\"noopener\">DESCARGAR<\/a><\/p>\n<p>Algunos datos:<br \/>\n&#8211; Los destinatarios son mayores de edad: universitarios, educadores, grupos mayores\u2026<br \/>\n&#8211; Salida el domingo 5 de agosto y regreso el 12 de agosto.<br \/>\n&#8211; El viaje depender\u00e1 de los participantes. Lo previsto es hacerlo junto a los grupos locales de acogida de Taiz\u00e9, saliendo de Madrid o Barcelona.<br \/>\n&#8211; El precio est\u00e1 ajustado seg\u00fan ese viaje y aumenta para mayores de 30 a\u00f1os porque as\u00ed lo cobran en Taiz\u00e9.<br \/>\n&#8211; Hay dos fases en la inscripci\u00f3n: preinscripci\u00f3n y reserva de plazas (antes del 20 de mayo, adelantando 100 \u20ac) e inscripci\u00f3n definitiva. Si, para evitar gastos de transferencia, se quiere ingresar todo en la preinscripci\u00f3n, es posible. Los datos de la transferencia est\u00e1n en el formulario.<br \/>\n&#8211; Cada participante hace su propia inscripci\u00f3n. Cuanto antes la haga, mejor para cualquier previsi\u00f3n.<\/p>\n<p style=\"text-align: center;\"><a href=\"https:\/\/docs.google.com\/forms\/d\/e\/1FAIpQLScPMFNfVlME-L6wQa8MtmYXZ2VVC6g4LJ53qmbTSe2t5ObpFg\/viewform\" target=\"_blank\" rel=\"noopener\">ACCESO PREINSCRIPCI\u00d3N<\/a><\/p>\n<p>Estamos a vuestra disposici\u00f3n para cualquier duda o sugerencia.<\/p>\n<p style=\"text-align: right;\">Un abrazo, Pastoral La Salle Arlep.<\/p>\n","protected":false},"excerpt":{"rendered":"<p>La Delegaci\u00f3n de Pastoral del Distrito Arlep convoca una experiencia en Taiz\u00e9, el pr\u00f3ximo agosto, del 5 al 12 de agosto de 2018. El domingo 5 de agosto saldremos hacia Taiz\u00e9 (Francia) un grupo de j\u00f3venes lasalianos y educadores del Distrito ARLEP. Taiz\u00e9, cerca de Lyon, es un lugar privilegiado&#8230;<\/p>\n<p> <a class=\"continue-reading-link\" href=\"https:\/\/www.sallejoven.es\/?p=426\"><span>Leer m\u00e1s<\/span><i class=\"crycon-right-dir\"><\/i><\/a> <\/p>\n","protected":false},"author":5,"featured_media":0,"comment_status":"open","ping_status":"open","sticky":false,"template":"","format":"image","meta":{"footnotes":""},"categories":[1],"tags":[],"class_list":["post-426","post","type-post","status-publish","format-image","hentry","category-uncategorized","post_format-post-format-image"],"_links":{"self":[{"href":"https:\/\/www.sallejoven.es\/index.php?rest_route=\/wp\/v2\/posts\/426","targetHints":{"allow":["GET"]}}],"collection":[{"href":"https:\/\/www.sallejoven.es\/index.php?rest_route=\/wp\/v2\/posts"}],"about":[{"href":"https:\/\/www.sallejoven.es\/index.php?rest_route=\/wp\/v2\/types\/post"}],"author":[{"embeddable":true,"href":"https:\/\/www.sallejoven.es\/index.php?rest_route=\/wp\/v2\/users\/5"}],"replies":[{"embeddable":true,"href":"https:\/\/www.sallejoven.es\/index.php?rest_route=%2Fwp%2Fv2%2Fcomments&post=426"}],"version-history":[{"count":5,"href":"https:\/\/www.sallejoven.es\/index.php?rest_route=\/wp\/v2\/posts\/426\/revisions"}],"predecessor-version":[{"id":465,"href":"https:\/\/www.sallejoven.es\/index.php?rest_route=\/wp\/v2\/posts\/426\/revisions\/465"}],"wp:attachment":[{"href":"https:\/\/www.sallejoven.es\/index.php?rest_route=%2Fwp%2Fv2%2Fmedia&parent=426"}],"wp:term":[{"taxonomy":"category","embeddable":true,"href":"https:\/\/www.sallejoven.es\/index.php?rest_route=%2Fwp%2Fv2%2Fcategories&post=426"},{"taxonomy":"post_tag","embeddable":true,"href":"https:\/\/www.sallejoven.es\/index.php?rest_route=%2Fwp%2Fv2%2Ftags&post=426"}],"curies":[{"name":"wp","href":"https:\/\/api.w.org\/{rel}","templated":true}]}}