{"id":4080,"date":"2018-06-06T11:15:48","date_gmt":"2018-06-06T10:15:48","guid":{"rendered":"http:\/\/sallejoven.sallep.net\/?p=4080"},"modified":"2018-06-06T11:15:48","modified_gmt":"2018-06-06T10:15:48","slug":"compartir-la-alegria-en-grupos-sallejovenva","status":"publish","type":"post","link":"https:\/\/www.sallejoven.es\/?p=4080","title":{"rendered":"Compartir la alegr\u00eda en Grupos @SalleJovenVa #SalleXoveEncZonaGalicia"},"content":{"rendered":"<p><a href=\"http:\/\/sallejoven.es\/wp-content\/uploads\/2018\/06\/IMG_2476.jpg\"><img loading=\"lazy\" decoding=\"async\" class=\" wp-image-4163 alignleft\" src=\"http:\/\/sallejoven.es\/wp-content\/uploads\/2018\/06\/IMG_2476-300x109.jpg\" alt=\"\" width=\"293\" height=\"106\" \/><\/a>El pasado s\u00e1bado, 2 de junio, los <strong>Grupos Cristianos SalleXove<\/strong> de los tres <strong>Coles La Salle de Galicia<\/strong> encaminaron sus pasos para compartir la alegr\u00eda vivida durante todo este curso hacia el <strong>Colegio de Ferrol<\/strong> para una jornada de convivencia, algo de playa y celebrar el fin de curso juntos.<\/p>\n<p>Aunque d\u00eda levant\u00f3 a mediod\u00eda, una parte de la ma\u00f1ana consisti\u00f3 en descubrir las claves de la alegr\u00eda vivida en Grupo por el paseo mar\u00edtimo de Ferrol. La tarde presentaba sorpresas: una serie de experiencias y juegos quer\u00edan ayudar a descubrir<strong> las patas del grupo<\/strong> a los integrantes del encuentro: amistad, oraci\u00f3n, reflexi\u00f3n y compromiso aparecieron en diferentes juegos y, tambi\u00e9n, fueron ejes que impulsaron el tiempo de regalo que, con los abuelos de la residencia cercana al Colegio de Ferrol, vivieron los grupos mayores desde <strong>3 ESO<\/strong>.<\/p>\n<p>Por supuesto que, al final del d\u00eda, el encuentro con Jes\u00fas, compa\u00f1ero de camino durante todos estos meses, cerraba el recorrido de los grupos SalleXove de este curso. De manera que, al final, nos regalamos y contagiamos un poco de esa alegr\u00eda que cada uno tiene, aporta y que no es s\u00f3lo nuestra ni para nosotros.<\/p>\n<p>En el mes de julio, unos cuantos nos encontraremos en Bujedo, en Roma o en Finisterre en los diferentes encuentros del verano SalleJoven del Sector Valladolid. \u00a1Qu\u00e9 poco falta!<\/p>\n<p><strong>\u00bfY t\u00fa, sabes cu\u00e1les son las patas del grupo?<\/strong><\/p>\n<p><strong>\u00a1Feliz final de curso!<\/strong><\/p>\n<p><a href=\"https:\/\/twitter.com\/hashtag\/SalleXoveEncZonaGalicia?src=hash&amp;lang=es\">#SalleXoveEncZonaGalicia<\/a><\/p>\n<p><a href=\"http:\/\/www.sallep.net\/compartir-la-alegria-en-grupos-todo-un-regalo\/\">Noticia en web Sector Valladolid<\/a><\/p>\n<p><a href=\"http:\/\/sallejoven.es\/wp-content\/uploads\/2018\/06\/IMG_2467.jpg\"><img loading=\"lazy\" decoding=\"async\" class=\"alignnone size-medium wp-image-4156\" src=\"http:\/\/sallejoven.es\/wp-content\/uploads\/2018\/06\/IMG_2467-300x200.jpg\" alt=\"\" width=\"300\" height=\"200\" \/><\/a><\/p>\n\n","protected":false},"excerpt":{"rendered":"<p>El pasado s\u00e1bado, 2 de junio, los Grupos Cristianos SalleXove de los tres Coles La Salle de Galicia encaminaron sus pasos para compartir la alegr\u00eda vivida durante todo este curso hacia el Colegio de Ferrol para una jornada de convivencia, algo de playa y celebrar el fin de curso juntos&#8230;.<\/p>\n<p> <a class=\"continue-reading-link\" href=\"https:\/\/www.sallejoven.es\/?p=4080\"><span>Leer m\u00e1s<\/span><i class=\"crycon-right-dir\"><\/i><\/a> <\/p>\n","protected":false},"author":0,"featured_media":4148,"comment_status":"open","ping_status":"open","sticky":false,"template":"","format":"standard","meta":{"footnotes":""},"categories":[265,246,259],"tags":[286,287,288,289,19,281,290],"class_list":["post-4080","post","type-post","status-publish","format-standard","has-post-thumbnail","hentry","category-galicia","category-portada","category-salle-joven","tag-encuentros-de-zona","tag-ferro","tag-galicia","tag-inmaculada","tag-sallejoven","tag-sallexove","tag-santiago"],"_links":{"self":[{"href":"https:\/\/www.sallejoven.es\/index.php?rest_route=\/wp\/v2\/posts\/4080","targetHints":{"allow":["GET"]}}],"collection":[{"href":"https:\/\/www.sallejoven.es\/index.php?rest_route=\/wp\/v2\/posts"}],"about":[{"href":"https:\/\/www.sallejoven.es\/index.php?rest_route=\/wp\/v2\/types\/post"}],"replies":[{"embeddable":true,"href":"https:\/\/www.sallejoven.es\/index.php?rest_route=%2Fwp%2Fv2%2Fcomments&post=4080"}],"version-history":[{"count":0,"href":"https:\/\/www.sallejoven.es\/index.php?rest_route=\/wp\/v2\/posts\/4080\/revisions"}],"wp:featuredmedia":[{"embeddable":true,"href":"https:\/\/www.sallejoven.es\/index.php?rest_route=\/"}],"wp:attachment":[{"href":"https:\/\/www.sallejoven.es\/index.php?rest_route=%2Fwp%2Fv2%2Fmedia&parent=4080"}],"wp:term":[{"taxonomy":"category","embeddable":true,"href":"https:\/\/www.sallejoven.es\/index.php?rest_route=%2Fwp%2Fv2%2Fcategories&post=4080"},{"taxonomy":"post_tag","embeddable":true,"href":"https:\/\/www.sallejoven.es\/index.php?rest_route=%2Fwp%2Fv2%2Ftags&post=4080"}],"curies":[{"name":"wp","href":"https:\/\/api.w.org\/{rel}","templated":true}]}}