{"id":4061,"date":"2018-06-05T16:21:43","date_gmt":"2018-06-05T15:21:43","guid":{"rendered":"http:\/\/sallejoven.sallep.net\/?p=4061"},"modified":"2018-06-05T16:21:43","modified_gmt":"2018-06-05T15:21:43","slug":"eso-no-se-pregunta-giron-viernes-25-de-mayo","status":"publish","type":"post","link":"https:\/\/www.sallejoven.es\/?p=4061","title":{"rendered":"Eso no se pregunta (Gir\u00f3n, viernes 25 de mayo)"},"content":{"rendered":"<p><a href=\"http:\/\/sallejoven.es\/wp-content\/uploads\/2018\/06\/Dd-p5VAVAAAmD_7.jpg\"><img loading=\"lazy\" decoding=\"async\" class=\" wp-image-4077 alignleft\" src=\"http:\/\/sallejoven.es\/wp-content\/uploads\/2018\/06\/Dd-p5VAVAAAmD_7-300x167.jpg\" alt=\"\" width=\"470\" height=\"262\" \/><\/a>El pasado <strong>viernes, 25 de mayo,<\/strong> los de Bachillerato conseguimos sacar un rato de relax y desconexi\u00f3n de los ex\u00e1menes teniendo un rato de convivencia en la casa de los Hermanos de Gir\u00f3n.<\/p>\n<p>All\u00ed escuchamos los testimonios de diferentes personas sobre <strong>distintas experiencias vitales y de voluntariado<\/strong>.<\/p>\n<p>En un primer momento <strong>Viti, Judith y Olivia<\/strong> nos narraron sus experiencias y despu\u00e9s les pudimos hacer preguntas de manera an\u00f3nima a trav\u00e9s de post-its de colores.<\/p>\n<p>Tras esto pasamos un rato ameno y distendido merendando juntos y hablando entre nosotros y con los hermanos. Todos pasamos un buen rato y nos quedamos con ganas de repetir esta experiencia.<\/p>\n<p>(<strong>Paloma Ureta<\/strong>, estudiante de egundo de Bachillerato)<\/p>\n\n","protected":false},"excerpt":{"rendered":"<p>El pasado viernes, 25 de mayo, los de Bachillerato conseguimos sacar un rato de relax y desconexi\u00f3n de los ex\u00e1menes teniendo un rato de convivencia en la casa de los Hermanos de Gir\u00f3n. All\u00ed escuchamos los testimonios de diferentes personas sobre distintas experiencias vitales y de voluntariado. En un primer&#8230;<\/p>\n<p> <a class=\"continue-reading-link\" href=\"https:\/\/www.sallejoven.es\/?p=4061\"><span>Leer m\u00e1s<\/span><i class=\"crycon-right-dir\"><\/i><\/a> <\/p>\n","protected":false},"author":0,"featured_media":4075,"comment_status":"open","ping_status":"open","sticky":false,"template":"","format":"standard","meta":{"footnotes":""},"categories":[278,246],"tags":[284,285,279,202,271],"class_list":["post-4061","post","type-post","status-publish","format-standard","has-post-thumbnail","hentry","category-giron","category-portada","tag-bachillerato","tag-eso-no-se-pregunta","tag-giron","tag-salle-joven","tag-valladolid"],"_links":{"self":[{"href":"https:\/\/www.sallejoven.es\/index.php?rest_route=\/wp\/v2\/posts\/4061","targetHints":{"allow":["GET"]}}],"collection":[{"href":"https:\/\/www.sallejoven.es\/index.php?rest_route=\/wp\/v2\/posts"}],"about":[{"href":"https:\/\/www.sallejoven.es\/index.php?rest_route=\/wp\/v2\/types\/post"}],"replies":[{"embeddable":true,"href":"https:\/\/www.sallejoven.es\/index.php?rest_route=%2Fwp%2Fv2%2Fcomments&post=4061"}],"version-history":[{"count":0,"href":"https:\/\/www.sallejoven.es\/index.php?rest_route=\/wp\/v2\/posts\/4061\/revisions"}],"wp:featuredmedia":[{"embeddable":true,"href":"https:\/\/www.sallejoven.es\/index.php?rest_route=\/"}],"wp:attachment":[{"href":"https:\/\/www.sallejoven.es\/index.php?rest_route=%2Fwp%2Fv2%2Fmedia&parent=4061"}],"wp:term":[{"taxonomy":"category","embeddable":true,"href":"https:\/\/www.sallejoven.es\/index.php?rest_route=%2Fwp%2Fv2%2Fcategories&post=4061"},{"taxonomy":"post_tag","embeddable":true,"href":"https:\/\/www.sallejoven.es\/index.php?rest_route=%2Fwp%2Fv2%2Ftags&post=4061"}],"curies":[{"name":"wp","href":"https:\/\/api.w.org\/{rel}","templated":true}]}}