{"id":3976,"date":"2018-04-02T14:43:20","date_gmt":"2018-04-02T13:43:20","guid":{"rendered":"http:\/\/sallejoven.sallep.net\/?p=3976"},"modified":"2018-04-02T14:43:20","modified_gmt":"2018-04-02T13:43:20","slug":"amenazados-de-resureccion-en-pascuabujedo18","status":"publish","type":"post","link":"https:\/\/www.sallejoven.es\/?p=3976","title":{"rendered":"Amenazados de Resurrecci\u00f3n en #PascuaBujedo18"},"content":{"rendered":"<p>\u00a1Resucitados!<\/p>\n<p>As\u00ed volvieron de la <strong>Pascua de Bujedo (Burgos)<\/strong> los <strong>310 participantes<\/strong> que, de diferentes centros lasalianos del Sector Madrid o Valladolid participaron en la edici\u00f3n 2018.<\/p>\n<p>Durante cuatro intensos d\u00edas vivieron los d\u00edas centrales de la Semana Santa y la Pascua, partiendo de la experiencia del amor fraterno en el Jueves Santo, la muerte en la cruz de Jes\u00fas de Nazaret, el silencio del sepulcro y el camino de Ema\u00fas del S\u00e1bado y la Vigilia Pascual.<\/p>\n<p>Con la aportaci\u00f3n de animadores Salle Joven de <strong>Madrid, Castilla y Le\u00f3n, Cantabria, Asturias y Galicia<\/strong>, las catequesis y talleres ayudaron a experimentar con los sentidos, a reconocer las oscuridades, a orar con los invisibles o a vibrar con el canto. En diferentes tiempos, se compartieron vivencias personales o los asistentes pudieron charlar, compartir y acompa\u00f1ar o ser acompa\u00f1ados en ratos de entrevista.<\/p>\n<p>Ni\u00f1os, adultos, universitarios, muchachos de Bachillerato y Ciclos Formativos, profesores, Hermanos celebraron una la toma de la cruz de aquellos que quisieron expresar su compromiso de vida en Jes\u00fas de Nazaret y, por supuesto, la alegr\u00eda de la Resurrecci\u00f3n iluminados por la luz y el fuego de la Vigilia Pascual.<\/p>\n<p>De nuevo, la Pascua del Desaf\u00edo de Jes\u00fas invit\u00f3 a los asistentes a transmitir el mensaje de una nueva esperanza y una nueva vida, en este caso, en la alegr\u00eda de Jes\u00fas<\/p>\n<p><a href=\"https:\/\/photos.app.goo.gl\/Q7WpcYwwQdwGOzhj2\" target=\"_blank\" rel=\"noopener noreferrer\">Galer\u00eda de fotos Pascua Bujedo 2018<\/a><\/p>\n<p><a href=\"https:\/\/twitter.com\/search?src=typd&amp;q=%23PascuaBujedo18\" target=\"_blank\" rel=\"noopener noreferrer\">#PascuaBujedo18<\/a><\/p>\n<p><a href=\"https:\/\/twitter.com\/search?q=%23TenedSiempreLaAlegriaDeJesus&amp;src=tyah\" target=\"_blank\" rel=\"noopener noreferrer\">#TenedSiempreLaAlegriaDeJesus<\/a><\/p>\n<p><a href=\"http:\/\/sallejoven.sallep.net\/tened-siempre-la-alegria-de-jesus-pascuabujedo18-en-m_bujedo\/\" target=\"_blank\" rel=\"noopener noreferrer\">Anuncio de la Pascua 2018<\/a><\/p>\n\n","protected":false},"excerpt":{"rendered":"<p>\u00a1Resucitados! As\u00ed volvieron de la Pascua de Bujedo (Burgos) los 310 participantes que, de diferentes centros lasalianos del Sector Madrid o Valladolid participaron en la edici\u00f3n 2018. Durante cuatro intensos d\u00edas vivieron los d\u00edas centrales de la Semana Santa y la Pascua, partiendo de la experiencia del amor fraterno en&#8230;<\/p>\n<p> <a class=\"continue-reading-link\" href=\"https:\/\/www.sallejoven.es\/?p=3976\"><span>Leer m\u00e1s<\/span><i class=\"crycon-right-dir\"><\/i><\/a> <\/p>\n","protected":false},"author":0,"featured_media":3970,"comment_status":"open","ping_status":"open","sticky":false,"template":"","format":"standard","meta":{"footnotes":""},"categories":[263,246,259],"tags":[208,235,236,203,275],"class_list":["post-3976","post","type-post","status-publish","format-standard","has-post-thumbnail","hentry","category-bujedo","category-portada","category-salle-joven","tag-arlep","tag-bujedo","tag-pascua","tag-sector-valladolid","tag-semana-santa"],"_links":{"self":[{"href":"https:\/\/www.sallejoven.es\/index.php?rest_route=\/wp\/v2\/posts\/3976","targetHints":{"allow":["GET"]}}],"collection":[{"href":"https:\/\/www.sallejoven.es\/index.php?rest_route=\/wp\/v2\/posts"}],"about":[{"href":"https:\/\/www.sallejoven.es\/index.php?rest_route=\/wp\/v2\/types\/post"}],"replies":[{"embeddable":true,"href":"https:\/\/www.sallejoven.es\/index.php?rest_route=%2Fwp%2Fv2%2Fcomments&post=3976"}],"version-history":[{"count":0,"href":"https:\/\/www.sallejoven.es\/index.php?rest_route=\/wp\/v2\/posts\/3976\/revisions"}],"wp:featuredmedia":[{"embeddable":true,"href":"https:\/\/www.sallejoven.es\/index.php?rest_route=\/"}],"wp:attachment":[{"href":"https:\/\/www.sallejoven.es\/index.php?rest_route=%2Fwp%2Fv2%2Fmedia&parent=3976"}],"wp:term":[{"taxonomy":"category","embeddable":true,"href":"https:\/\/www.sallejoven.es\/index.php?rest_route=%2Fwp%2Fv2%2Fcategories&post=3976"},{"taxonomy":"post_tag","embeddable":true,"href":"https:\/\/www.sallejoven.es\/index.php?rest_route=%2Fwp%2Fv2%2Ftags&post=3976"}],"curies":[{"name":"wp","href":"https:\/\/api.w.org\/{rel}","templated":true}]}}