{"id":3944,"date":"2018-03-19T11:38:20","date_gmt":"2018-03-19T10:38:20","guid":{"rendered":"http:\/\/sallejoven.sallep.net\/?p=3944"},"modified":"2018-03-19T11:38:20","modified_gmt":"2018-03-19T10:38:20","slug":"lasallejmjpanama2019","status":"publish","type":"post","link":"https:\/\/www.sallejoven.es\/?p=3944","title":{"rendered":"La Salle a las JMJ de Panam\u00e1 2019"},"content":{"rendered":"<p><a href=\"http:\/\/sallejoven.es\/wp-content\/uploads\/2018\/03\/BC4D1B38-F4E8-4D48-B30D-73B5F1FAEBDC.png\"><img loading=\"lazy\" decoding=\"async\" class=\"size-medium wp-image-3945 alignleft\" src=\"http:\/\/sallejoven.es\/wp-content\/uploads\/2018\/03\/BC4D1B38-F4E8-4D48-B30D-73B5F1FAEBDC-300x300.png\" alt=\"\" width=\"300\" height=\"300\" \/><\/a>\u00bfQuieres participar en una experiencia \u00fanica? Las Jornadas Mundiales de la Juventud en Panam\u00e1 nos est\u00e1n esperando.<\/p>\n<p>\u00bfQuieres m\u00e1s informaci\u00f3n? Puedes apuntarse en el siguiente enlace, sin ning\u00fan compromiso: https:\/\/docs.google.com\/forms\/d\/e\/1FAIpQLSch4dae1J9AOSUhJJZyNR3suSK0vZ0OOMDjuSTP8fEu_ILVfw\/viewform<\/p>\n<p>Adem\u00e1s de participar en las JMJ, nuestro grupo, participar\u00e1 en el Encuentro mundial de J\u00f3venes Lasalianos #300LaSalle.<br \/>\n\u00bfPresupuesto? Unos 1500 \u20ac por participante, todo incluido.<br \/>\nYa sabes, que si quieres m\u00e1s informaci\u00f3n, no dudes en pinchar en el enlace anterior y poner tus datos, estar\u00e1s informado.<\/p>\n<p>+info:\u00a0https:\/\/www.sallejoven.es\/?p=431     <\/p>\n","protected":false},"excerpt":{"rendered":"<p>\u00bfQuieres participar en una experiencia \u00fanica? Las Jornadas Mundiales de la Juventud en Panam\u00e1 nos est\u00e1n esperando. \u00bfQuieres m\u00e1s informaci\u00f3n? Puedes apuntarse en el siguiente enlace, sin ning\u00fan compromiso: https:\/\/docs.google.com\/forms\/d\/e\/1FAIpQLSch4dae1J9AOSUhJJZyNR3suSK0vZ0OOMDjuSTP8fEu_ILVfw\/viewform Adem\u00e1s de participar en las JMJ, nuestro grupo, participar\u00e1 en el Encuentro mundial de J\u00f3venes Lasalianos #300LaSalle. \u00bfPresupuesto? Unos 1500&#8230;<\/p>\n<p> <a class=\"continue-reading-link\" href=\"https:\/\/www.sallejoven.es\/?p=3944\"><span>Leer m\u00e1s<\/span><i class=\"crycon-right-dir\"><\/i><\/a> <\/p>\n","protected":false},"author":0,"featured_media":3945,"comment_status":"open","ping_status":"open","sticky":false,"template":"","format":"standard","meta":{"footnotes":""},"categories":[262,246,259,206],"tags":[],"class_list":["post-3944","post","type-post","status-publish","format-standard","has-post-thumbnail","hentry","category-destacado","category-portada","category-salle-joven","category-sin-categoria"],"_links":{"self":[{"href":"https:\/\/www.sallejoven.es\/index.php?rest_route=\/wp\/v2\/posts\/3944","targetHints":{"allow":["GET"]}}],"collection":[{"href":"https:\/\/www.sallejoven.es\/index.php?rest_route=\/wp\/v2\/posts"}],"about":[{"href":"https:\/\/www.sallejoven.es\/index.php?rest_route=\/wp\/v2\/types\/post"}],"replies":[{"embeddable":true,"href":"https:\/\/www.sallejoven.es\/index.php?rest_route=%2Fwp%2Fv2%2Fcomments&post=3944"}],"version-history":[{"count":0,"href":"https:\/\/www.sallejoven.es\/index.php?rest_route=\/wp\/v2\/posts\/3944\/revisions"}],"wp:featuredmedia":[{"embeddable":true,"href":"https:\/\/www.sallejoven.es\/index.php?rest_route=\/"}],"wp:attachment":[{"href":"https:\/\/www.sallejoven.es\/index.php?rest_route=%2Fwp%2Fv2%2Fmedia&parent=3944"}],"wp:term":[{"taxonomy":"category","embeddable":true,"href":"https:\/\/www.sallejoven.es\/index.php?rest_route=%2Fwp%2Fv2%2Fcategories&post=3944"},{"taxonomy":"post_tag","embeddable":true,"href":"https:\/\/www.sallejoven.es\/index.php?rest_route=%2Fwp%2Fv2%2Ftags&post=3944"}],"curies":[{"name":"wp","href":"https:\/\/api.w.org\/{rel}","templated":true}]}}