{"id":368,"date":"2017-04-23T10:13:19","date_gmt":"2017-04-23T10:13:19","guid":{"rendered":"https:\/\/www.sallejoven.es\/?p=368"},"modified":"2017-04-23T10:15:40","modified_gmt":"2017-04-23T10:15:40","slug":"salle-joven-valencia-palma-celebra-su-decimo-aniversario","status":"publish","type":"post","link":"https:\/\/www.sallejoven.es\/?p=368","title":{"rendered":"\u00a1Salle Joven Valencia-Palma celebra su d\u00e9cimo aniversario!"},"content":{"rendered":"<div class=\"entry-content\">\n<p>El pasado 25 y 26 de marzo de 2017 se ha celebrado en el campamento \u2018El Teularet\u2019 (Naval\u00f3n) en <strong>X Encuentro Juvenil de Salle Joven<\/strong>, que como novedad y con la finalidad de celebrar un n\u00famero tan importante, ha cambiado el formato para pasar de un d\u00eda a dos.<\/p>\n<p>M\u00e1s de 200 j\u00f3venes, monitores y hermanos disfrutaron de este encuentro, bajo el lema del Cumple Salle Joven (<strong>#CumpleSalleJoven<\/strong>), d\u00f3nde se han realizado actividades, juegos, veladas y gymkanas ambientadas en una gran fiesta de cumplea\u00f1os.<\/p>\n<p><a href=\"http:\/\/www.lasallepaterna.es\/wp-content\/uploads\/2017\/03\/IMG_6776.jpg\"><img loading=\"lazy\" decoding=\"async\" class=\"aligncenter wp-image-7324 size-full\" src=\"http:\/\/www.lasallepaterna.es\/wp-content\/uploads\/2017\/03\/IMG_6776.jpg\" sizes=\"auto, (max-width: 800px) 100vw, 800px\" srcset=\"http:\/\/www.lasallepaterna.es\/wp-content\/uploads\/2017\/03\/IMG_6776.jpg 800w, http:\/\/www.lasallepaterna.es\/wp-content\/uploads\/2017\/03\/IMG_6776-300x200.jpg 300w, http:\/\/www.lasallepaterna.es\/wp-content\/uploads\/2017\/03\/IMG_6776-768x512.jpg 768w\" alt=\"\" width=\"800\" height=\"533\" \/><\/a><br \/>\n<!--more--><\/p>\n<p>Los grupos que han participado han sido: el G.S Alborx\u00ed-La Salle (Paterna), los Grupos Lasalianos de la Escuela Profesional (Paterna), el G.S La Salle 214 (Paterna), los Grupos Lasalianos del Colegio (Paterna) y el Club d\u2019Esplai L\u2019arbre (Manacor). Adem\u00e1s, han estado acompa\u00f1\u00e1ndonos muchos amigos e invitados, entre ellos Keane Palatino, un lasaliano de Filipinas.<\/p>\n<p>Todo comenzaba el s\u00e1bado por la ma\u00f1ana con la llegada de todos los autobuses al campamento y el alojamiento en los diferentes albergues; poco despu\u00e9s nos reun\u00edamos todos en la sala com\u00fan para comenzar con el acto inaugural y el video introductorios que nos servir\u00eda de hilo conductor de todas las actividades.\u00a0 Como siempre, tuvimos nuestro momento de oraci\u00f3n gracias el <strong>Hno. Miguel \u00c1ngel Sanz<\/strong> y unas palabras de \u00e1nimo y entusiasmo del Presidente de Salle Joven, <strong>Pepe Esteso<\/strong>.<\/p>\n<p>Acto seguido comenzar\u00edan las actividades organizadas por edades: Grupo Rojo de 1\u00ba a 3\u00ba EP; Grupo amarillo de 4\u00ba a 6\u00baEP; Grupo verde 1\u00ba y 3\u00ba ESO y Grupo Azul con los m\u00e1s mayores.<\/p>\n<div id=\"gallery-3\" class=\"gallery galleryid-7323 gallery-columns-3 gallery-size-thumbnail\">\n<figure class=\"gallery-item\">\n<div class=\"gallery-icon landscape\"><a href=\"http:\/\/www.lasallepaterna.es\/salle-joven-celebra-decimo-aniversario\/img_7534\/\"><img loading=\"lazy\" decoding=\"async\" class=\"attachment-thumbnail size-thumbnail\" src=\"http:\/\/www.lasallepaterna.es\/wp-content\/uploads\/2017\/03\/IMG_7534-150x150.jpg\" sizes=\"auto, (max-width: 150px) 100vw, 150px\" srcset=\"http:\/\/www.lasallepaterna.es\/wp-content\/uploads\/2017\/03\/IMG_7534-150x150.jpg 150w, http:\/\/www.lasallepaterna.es\/wp-content\/uploads\/2017\/03\/IMG_7534-30x30.jpg 30w\" alt=\"\" width=\"150\" height=\"150\" \/><\/a><\/div>\n<\/figure>\n<figure class=\"gallery-item\">\n<div class=\"gallery-icon landscape\"><a href=\"http:\/\/www.lasallepaterna.es\/salle-joven-celebra-decimo-aniversario\/img_7556\/\"><img loading=\"lazy\" decoding=\"async\" class=\"attachment-thumbnail size-thumbnail\" src=\"http:\/\/www.lasallepaterna.es\/wp-content\/uploads\/2017\/03\/IMG_7556-150x150.jpg\" sizes=\"auto, (max-width: 150px) 100vw, 150px\" srcset=\"http:\/\/www.lasallepaterna.es\/wp-content\/uploads\/2017\/03\/IMG_7556-150x150.jpg 150w, http:\/\/www.lasallepaterna.es\/wp-content\/uploads\/2017\/03\/IMG_7556-30x30.jpg 30w\" alt=\"\" width=\"150\" height=\"150\" \/><\/a><\/div>\n<\/figure>\n<figure class=\"gallery-item\">\n<div class=\"gallery-icon landscape\"><a href=\"http:\/\/www.lasallepaterna.es\/salle-joven-celebra-decimo-aniversario\/img_7546\/\"><img loading=\"lazy\" decoding=\"async\" class=\"attachment-thumbnail size-thumbnail\" src=\"http:\/\/www.lasallepaterna.es\/wp-content\/uploads\/2017\/03\/IMG_7546-150x150.jpg\" sizes=\"auto, (max-width: 150px) 100vw, 150px\" srcset=\"http:\/\/www.lasallepaterna.es\/wp-content\/uploads\/2017\/03\/IMG_7546-150x150.jpg 150w, http:\/\/www.lasallepaterna.es\/wp-content\/uploads\/2017\/03\/IMG_7546-30x30.jpg 30w\" alt=\"\" width=\"150\" height=\"150\" \/><\/a><\/div>\n<\/figure>\n<\/div>\n<p>Casi sin darnos cuentas, entre juegos, actividades, risas y nuevas amistades, nos encontramos todo en el acto com\u00fan de la noche, donde nos encontramos todos y compartimos las experiencias, actividades y momentos vividos con los dem\u00e1s.<\/p>\n<p>Despu\u00e9s de la cena comenzaron dos actividades m\u00e1s, un <em>cluedo pijamero<\/em>, para los ni\u00f1os de primaria donde mediante juegos, pruebas y acertijos ten\u00edan que conseguir saber qui\u00e9n hab\u00eda desaparecido de esa fiesta de pijamas; y siguiendo esa idea de la fiesta de pijamas, t\u00edpica de muchos cumplea\u00f1os de nuestra infancia, se celebr\u00f3 una velada para los j\u00f3venes de la ESO y bachillerato donde prueba tras prueba, reto tras reto, jugaron y se divirtieron, bailaron, cantaron e hicieron nuestras amistades.<\/p>\n<p>A la ma\u00f1ana siguiente, y tras darnos los buenos d\u00edas plagado de abrazos, comenz\u00f3 la \u00faltima de las actividades del Encuentro, una gran gymkana con la que conseguir las 10 velas para la trata de Salle Joven. 20 equipos, de todas las edades, y m\u00e1s de 200 personas jugando por todo el campamento y superando m\u00faltiples pruebas para por fin, conseguir su objetivo: soplar las velas de la tarta.<\/p>\n<div id=\"gallery-4\" class=\"gallery galleryid-7323 gallery-columns-4 gallery-size-thumbnail\">\n<figure class=\"gallery-item\">\n<div class=\"gallery-icon landscape\"><a href=\"http:\/\/www.lasallepaterna.es\/salle-joven-celebra-decimo-aniversario\/img_7603\/\"><img loading=\"lazy\" decoding=\"async\" class=\"attachment-thumbnail size-thumbnail\" src=\"http:\/\/www.lasallepaterna.es\/wp-content\/uploads\/2017\/03\/IMG_7603-150x150.jpg\" sizes=\"auto, (max-width: 150px) 100vw, 150px\" srcset=\"http:\/\/www.lasallepaterna.es\/wp-content\/uploads\/2017\/03\/IMG_7603-150x150.jpg 150w, http:\/\/www.lasallepaterna.es\/wp-content\/uploads\/2017\/03\/IMG_7603-30x30.jpg 30w\" alt=\"\" width=\"150\" height=\"150\" \/><\/a><\/div>\n<\/figure>\n<figure class=\"gallery-item\">\n<div class=\"gallery-icon landscape\"><a href=\"http:\/\/www.lasallepaterna.es\/salle-joven-celebra-decimo-aniversario\/img_7663\/\"><img loading=\"lazy\" decoding=\"async\" class=\"attachment-thumbnail size-thumbnail\" src=\"http:\/\/www.lasallepaterna.es\/wp-content\/uploads\/2017\/03\/IMG_7663-150x150.jpg\" sizes=\"auto, (max-width: 150px) 100vw, 150px\" srcset=\"http:\/\/www.lasallepaterna.es\/wp-content\/uploads\/2017\/03\/IMG_7663-150x150.jpg 150w, http:\/\/www.lasallepaterna.es\/wp-content\/uploads\/2017\/03\/IMG_7663-30x30.jpg 30w\" alt=\"\" width=\"150\" height=\"150\" \/><\/a><\/div>\n<\/figure>\n<figure class=\"gallery-item\">\n<div class=\"gallery-icon landscape\"><a href=\"http:\/\/www.lasallepaterna.es\/salle-joven-celebra-decimo-aniversario\/img_7658\/\"><img loading=\"lazy\" decoding=\"async\" class=\"attachment-thumbnail size-thumbnail\" src=\"http:\/\/www.lasallepaterna.es\/wp-content\/uploads\/2017\/03\/IMG_7658-150x150.jpg\" sizes=\"auto, (max-width: 150px) 100vw, 150px\" srcset=\"http:\/\/www.lasallepaterna.es\/wp-content\/uploads\/2017\/03\/IMG_7658-150x150.jpg 150w, http:\/\/www.lasallepaterna.es\/wp-content\/uploads\/2017\/03\/IMG_7658-30x30.jpg 30w\" alt=\"\" width=\"150\" height=\"150\" \/><\/a><\/div>\n<\/figure>\n<\/div>\n<p>Despu\u00e9s de todo el esfuerzo, por fin nos trajeron esa tarta, que en cada uno de sus pisos ten\u00eda un color, una forma, un sabor\u2026representaba a cada uno de los grupos que forman Salle Joven, y c\u00f3mo bien nos explicaron, esa es la clave de nuestra Salle Joven, ese sabor \u00fanico e irrepetible, y que sin alguno de esos pisos, sin alguno de nuestros grupos, no ser\u00eda lo mismo.<\/p>\n<p>Desde Salle Joven, queremos agradecer a todos los participantes: ni\u00f1os, monitores\u2026 a todas las familias que apuestan por los grupos juveniles de La Salle y deciden apuntarlos a los grupos scouts, lasalianos, <em>esplais<\/em>, tiempo libre; a todos los que nos permiten poder seguir creyendo en este tipo de actividades y dejar llevarlas a cabo, a los hermanos y directores que nos\u00a0 ayudan tanto, a la Junta de Salle Joven que a\u00f1o trabaja sin parar para organizar este tipo de encuentros y actividades para unir a todos los grupos del Sector y en especial a Paco, Cris, Luz y Pepe por haber coordinado este X Encuentro de Salle Joven.<\/p>\n<\/div>\n","protected":false},"excerpt":{"rendered":"<p>El pasado 25 y 26 de marzo de 2017 se ha celebrado en el campamento \u2018El Teularet\u2019 (Naval\u00f3n) en X Encuentro Juvenil de Salle Joven, que como novedad y con la finalidad de celebrar un n\u00famero tan importante, ha cambiado el formato para pasar de un d\u00eda a dos. M\u00e1s&#8230;<\/p>\n<p> <a class=\"continue-reading-link\" href=\"https:\/\/www.sallejoven.es\/?p=368\"><span>Leer m\u00e1s<\/span><i class=\"crycon-right-dir\"><\/i><\/a> <\/p>\n","protected":false},"author":5,"featured_media":0,"comment_status":"open","ping_status":"open","sticky":false,"template":"","format":"image","meta":{"footnotes":""},"categories":[9],"tags":[],"class_list":["post-368","post","type-post","status-publish","format-image","hentry","category-noticias-valencia-palma","post_format-post-format-image"],"_links":{"self":[{"href":"https:\/\/www.sallejoven.es\/index.php?rest_route=\/wp\/v2\/posts\/368","targetHints":{"allow":["GET"]}}],"collection":[{"href":"https:\/\/www.sallejoven.es\/index.php?rest_route=\/wp\/v2\/posts"}],"about":[{"href":"https:\/\/www.sallejoven.es\/index.php?rest_route=\/wp\/v2\/types\/post"}],"author":[{"embeddable":true,"href":"https:\/\/www.sallejoven.es\/index.php?rest_route=\/wp\/v2\/users\/5"}],"replies":[{"embeddable":true,"href":"https:\/\/www.sallejoven.es\/index.php?rest_route=%2Fwp%2Fv2%2Fcomments&post=368"}],"version-history":[{"count":4,"href":"https:\/\/www.sallejoven.es\/index.php?rest_route=\/wp\/v2\/posts\/368\/revisions"}],"predecessor-version":[{"id":376,"href":"https:\/\/www.sallejoven.es\/index.php?rest_route=\/wp\/v2\/posts\/368\/revisions\/376"}],"wp:attachment":[{"href":"https:\/\/www.sallejoven.es\/index.php?rest_route=%2Fwp%2Fv2%2Fmedia&parent=368"}],"wp:term":[{"taxonomy":"category","embeddable":true,"href":"https:\/\/www.sallejoven.es\/index.php?rest_route=%2Fwp%2Fv2%2Fcategories&post=368"},{"taxonomy":"post_tag","embeddable":true,"href":"https:\/\/www.sallejoven.es\/index.php?rest_route=%2Fwp%2Fv2%2Ftags&post=368"}],"curies":[{"name":"wp","href":"https:\/\/api.w.org\/{rel}","templated":true}]}}