{"id":3590,"date":"2018-01-07T20:19:44","date_gmt":"2018-01-07T19:19:44","guid":{"rendered":"http:\/\/sallejoven.sallep.net\/?p=3590"},"modified":"2018-01-07T20:19:44","modified_gmt":"2018-01-07T19:19:44","slug":"silencio","status":"publish","type":"post","link":"https:\/\/www.sallejoven.es\/?p=3590","title":{"rendered":"Ecos de las experiencias"},"content":{"rendered":"<p><strong> \u00a0(6) Silencio<\/strong>.<\/p>\n<p class=\"m_1354165235112608036gmail-MsoNormal\">Asist\u00ed a Bujedo en busca de un par\u00f3n y de momentos de oraci\u00f3n y silencio.<\/p>\n<p class=\"m_1354165235112608036gmail-MsoNormal\">Y he tenido momentos de reflexi\u00f3n, de oraci\u00f3n, individual y compartida, que me llevaron a un profundo sentimiento de acci\u00f3n de gracias por la vida. Tambi\u00e9n pude reposar lo que la Palabra y las experiencias vividas en Navidad, en familia y con los pobres, quieren decir a mi vida.<\/p>\n<p class=\"m_1354165235112608036gmail-MsoNormal\">Gracias al silencio y al ambiente logrado por los Hermanos y por los asistentes, he tenido momentos de encuentro personal, de reconciliaci\u00f3n y de encuentro con Dios. He encontrado paz y me he ido con nuevos proyectos y conversi\u00f3n de la mirada en actuales compromisos.<\/p>\n<p>-Bea Le\u00f3n-     <\/p>\n","protected":false},"excerpt":{"rendered":"<p>\u00a0(6) Silencio. Asist\u00ed a Bujedo en busca de un par\u00f3n y de momentos de oraci\u00f3n y silencio. Y he tenido momentos de reflexi\u00f3n, de oraci\u00f3n, individual y compartida, que me llevaron a un profundo sentimiento de acci\u00f3n de gracias por la vida. Tambi\u00e9n pude reposar lo que la Palabra y&#8230;<\/p>\n<p> <a class=\"continue-reading-link\" href=\"https:\/\/www.sallejoven.es\/?p=3590\"><span>Leer m\u00e1s<\/span><i class=\"crycon-right-dir\"><\/i><\/a> <\/p>\n","protected":false},"author":0,"featured_media":0,"comment_status":"open","ping_status":"open","sticky":false,"template":"","format":"standard","meta":{"footnotes":""},"categories":[206],"tags":[],"class_list":["post-3590","post","type-post","status-publish","format-standard","hentry","category-sin-categoria"],"_links":{"self":[{"href":"https:\/\/www.sallejoven.es\/index.php?rest_route=\/wp\/v2\/posts\/3590","targetHints":{"allow":["GET"]}}],"collection":[{"href":"https:\/\/www.sallejoven.es\/index.php?rest_route=\/wp\/v2\/posts"}],"about":[{"href":"https:\/\/www.sallejoven.es\/index.php?rest_route=\/wp\/v2\/types\/post"}],"replies":[{"embeddable":true,"href":"https:\/\/www.sallejoven.es\/index.php?rest_route=%2Fwp%2Fv2%2Fcomments&post=3590"}],"version-history":[{"count":0,"href":"https:\/\/www.sallejoven.es\/index.php?rest_route=\/wp\/v2\/posts\/3590\/revisions"}],"wp:attachment":[{"href":"https:\/\/www.sallejoven.es\/index.php?rest_route=%2Fwp%2Fv2%2Fmedia&parent=3590"}],"wp:term":[{"taxonomy":"category","embeddable":true,"href":"https:\/\/www.sallejoven.es\/index.php?rest_route=%2Fwp%2Fv2%2Fcategories&post=3590"},{"taxonomy":"post_tag","embeddable":true,"href":"https:\/\/www.sallejoven.es\/index.php?rest_route=%2Fwp%2Fv2%2Ftags&post=3590"}],"curies":[{"name":"wp","href":"https:\/\/api.w.org\/{rel}","templated":true}]}}