{"id":3408,"date":"2017-12-20T09:07:14","date_gmt":"2017-12-20T08:07:14","guid":{"rendered":"http:\/\/sallejoven.sallep.net\/?p=3408"},"modified":"2017-12-20T09:07:14","modified_gmt":"2017-12-20T08:07:14","slug":"encuentrodenavidad-17","status":"publish","type":"post","link":"https:\/\/www.sallejoven.es\/?p=3408","title":{"rendered":"Navidad en Bujedo 17&#8242;"},"content":{"rendered":"<p>Los pr\u00f3ximos 26, 27 y 28 de diciembre, se celebrar\u00e1 en Bujedo el Encuentro de Navidad. Este a\u00f1o 2017, con la oportunidad de poder escoger el itinerario acorde a tus inquietudes desde:<\/p>\n<p><strong>\u00a0 \u00a0(1) La interioridad,\u00a0<\/strong>a trav\u00e9s de din\u00e1micas Hara.<\/p>\n<p><strong>\u00a0 \u00a0(2) El encuentro,<\/strong>\u00a0mediante encuentro personal y con tiempos de oraci\u00f3n.<\/p>\n<p><strong>\u00a0 \u00a0(3) La b\u00fasqueda,<\/strong>\u00a0para quienes est\u00e1n en un momento sobre c\u00f3mo dar sentido.<\/p>\n<p><strong>\u00a0 \u00a0(4) La comunidad,<\/strong>\u00a0si est\u00e1s en un momento de inquietud por acercarte a la vida comunitaria.<\/p>\n<p><strong>\u00a0 \u00a0(5) Un itinerario personalizado,<\/strong>\u00a0para quienes est\u00e1n en un tiempo de contraste silencio- \u00a0acompa\u00f1amiento.<\/p>\n<p><strong>\u00a0 \u00a0(6) El silencio,<\/strong>\u00a0con la propuesta de tener tiempo personal tranquilo.<\/p>\n<p><a href=\"https:\/\/twitter.com\/EASValladolid\/status\/928967672779476992\" target=\"_blank\" rel=\"noopener noreferrer\"><img loading=\"lazy\" decoding=\"async\" class=\"aligncenter wp-image-3413 size-medium\" src=\"http:\/\/sallejoven.es\/wp-content\/uploads\/2017\/12\/Cartel-Encuentro-Interioridad-2017-212x300.jpg\" alt=\"\" width=\"212\" height=\"300\" \/><\/a><\/p>\n<p><a href=\"https:\/\/twitter.com\/EASValladolid\/status\/928967672779476992\" target=\"_blank\" rel=\"noopener noreferrer\"><img loading=\"lazy\" decoding=\"async\" class=\"aligncenter wp-image-3414\" src=\"http:\/\/sallejoven.es\/wp-content\/uploads\/2017\/12\/Cartel2-Encuentro-Interioridad-2017-copia-300x147.jpg\" alt=\"\" width=\"600\" height=\"293\" \/><\/a><\/p>\n<p>Queda as\u00ed la invitaci\u00f3n hecha para el encuentro con ese Jes\u00fas humano, nacido en el pesebre&#8230;desde lo sencillo.<\/p>\n<p>+Info pinchando en las im\u00e1genes:<\/p>\n\n","protected":false},"excerpt":{"rendered":"<p>Los pr\u00f3ximos 26, 27 y 28 de diciembre, se celebrar\u00e1 en Bujedo el Encuentro de Navidad. Este a\u00f1o 2017, con la oportunidad de poder escoger el itinerario acorde a tus inquietudes desde: \u00a0 \u00a0(1) La interioridad,\u00a0a trav\u00e9s de din\u00e1micas Hara. \u00a0 \u00a0(2) El encuentro,\u00a0mediante encuentro personal y con tiempos de&#8230;<\/p>\n<p> <a class=\"continue-reading-link\" href=\"https:\/\/www.sallejoven.es\/?p=3408\"><span>Leer m\u00e1s<\/span><i class=\"crycon-right-dir\"><\/i><\/a> <\/p>\n","protected":false},"author":0,"featured_media":3427,"comment_status":"open","ping_status":"open","sticky":false,"template":"","format":"standard","meta":{"footnotes":""},"categories":[263],"tags":[],"class_list":["post-3408","post","type-post","status-publish","format-standard","has-post-thumbnail","hentry","category-bujedo"],"_links":{"self":[{"href":"https:\/\/www.sallejoven.es\/index.php?rest_route=\/wp\/v2\/posts\/3408","targetHints":{"allow":["GET"]}}],"collection":[{"href":"https:\/\/www.sallejoven.es\/index.php?rest_route=\/wp\/v2\/posts"}],"about":[{"href":"https:\/\/www.sallejoven.es\/index.php?rest_route=\/wp\/v2\/types\/post"}],"replies":[{"embeddable":true,"href":"https:\/\/www.sallejoven.es\/index.php?rest_route=%2Fwp%2Fv2%2Fcomments&post=3408"}],"version-history":[{"count":0,"href":"https:\/\/www.sallejoven.es\/index.php?rest_route=\/wp\/v2\/posts\/3408\/revisions"}],"wp:featuredmedia":[{"embeddable":true,"href":"https:\/\/www.sallejoven.es\/index.php?rest_route=\/"}],"wp:attachment":[{"href":"https:\/\/www.sallejoven.es\/index.php?rest_route=%2Fwp%2Fv2%2Fmedia&parent=3408"}],"wp:term":[{"taxonomy":"category","embeddable":true,"href":"https:\/\/www.sallejoven.es\/index.php?rest_route=%2Fwp%2Fv2%2Fcategories&post=3408"},{"taxonomy":"post_tag","embeddable":true,"href":"https:\/\/www.sallejoven.es\/index.php?rest_route=%2Fwp%2Fv2%2Ftags&post=3408"}],"curies":[{"name":"wp","href":"https:\/\/api.w.org\/{rel}","templated":true}]}}