{"id":3315,"date":"2017-11-13T08:39:10","date_gmt":"2017-11-13T07:39:10","guid":{"rendered":"http:\/\/sallejoven.sallep.net\/?p=3315"},"modified":"2017-11-13T08:39:10","modified_gmt":"2017-11-13T07:39:10","slug":"encuentro-de-animadores-sallexove","status":"publish","type":"post","link":"https:\/\/www.sallejoven.es\/?p=3315","title":{"rendered":"Encuentro de animadores SalleXove"},"content":{"rendered":"<p>El s\u00e1bado, 11 de noviembre, el\u00a0<strong>equipo de animadores de Pastoral<\/strong>\u00a0que acompa\u00f1a a los grupos\u00a0<strong>Salle Xove<\/strong>\u00a0de los centros\u00a0<strong>La Salle Inmaculada, Ferrol y Santiago<\/strong>\u00a0tuvieron su primera sesi\u00f3n de formaci\u00f3n del curso.<\/p>\n<p>Una treintena de educadores, profesores y animadores universitarios, se encontraron para convivir y formarse en una de las \u00e1reas objetivo de este curso para los agentes de pastoral: la\u00a0<strong>interioridad<\/strong>.<\/p>\n<p>Los formadores del\u00a0<strong>Programa Hara<\/strong>\u00a0de Galicia, Roc\u00edo y Quique, prepararon una sesi\u00f3n pr\u00e1ctica de trabajo corporal, emocional y de acceso a la trascendencia. Por la tarde, la jornada se transform\u00f3 en una sesi\u00f3n cooperativa de taller de oraci\u00f3n donde, por equipos, los animadores dise\u00f1aron la celebraci\u00f3n final a partir de un esquema com\u00fan que se fue transformando con las iniciativas de los diferentes grupos.<\/p>\n<p>Las actividades trabajadas forman parte de las actividades semanales de Pastoral juvenil que, en los centros La Salle, se desarrollan con muchachos de Primaria hasta Bachillerato, Universidad, J\u00f3venes adultos y adultos para acompa\u00f1ar el crecimiento personal y en la fe.<\/p>\n<p>Pod\u00e9is disfrutar, a continuaci\u00f3n, de las fotos del Encuentro:<\/p>\n\n","protected":false},"excerpt":{"rendered":"<p>El s\u00e1bado, 11 de noviembre, el\u00a0equipo de animadores de Pastoral\u00a0que acompa\u00f1a a los grupos\u00a0Salle Xove\u00a0de los centros\u00a0La Salle Inmaculada, Ferrol y Santiago\u00a0tuvieron su primera sesi\u00f3n de formaci\u00f3n del curso. Una treintena de educadores, profesores y animadores universitarios, se encontraron para convivir y formarse en una de las \u00e1reas objetivo de&#8230;<\/p>\n<p> <a class=\"continue-reading-link\" href=\"https:\/\/www.sallejoven.es\/?p=3315\"><span>Leer m\u00e1s<\/span><i class=\"crycon-right-dir\"><\/i><\/a> <\/p>\n","protected":false},"author":0,"featured_media":3316,"comment_status":"open","ping_status":"open","sticky":false,"template":"","format":"standard","meta":{"footnotes":""},"categories":[265,246,259],"tags":[],"class_list":["post-3315","post","type-post","status-publish","format-standard","has-post-thumbnail","hentry","category-galicia","category-portada","category-salle-joven"],"_links":{"self":[{"href":"https:\/\/www.sallejoven.es\/index.php?rest_route=\/wp\/v2\/posts\/3315","targetHints":{"allow":["GET"]}}],"collection":[{"href":"https:\/\/www.sallejoven.es\/index.php?rest_route=\/wp\/v2\/posts"}],"about":[{"href":"https:\/\/www.sallejoven.es\/index.php?rest_route=\/wp\/v2\/types\/post"}],"replies":[{"embeddable":true,"href":"https:\/\/www.sallejoven.es\/index.php?rest_route=%2Fwp%2Fv2%2Fcomments&post=3315"}],"version-history":[{"count":0,"href":"https:\/\/www.sallejoven.es\/index.php?rest_route=\/wp\/v2\/posts\/3315\/revisions"}],"wp:featuredmedia":[{"embeddable":true,"href":"https:\/\/www.sallejoven.es\/index.php?rest_route=\/"}],"wp:attachment":[{"href":"https:\/\/www.sallejoven.es\/index.php?rest_route=%2Fwp%2Fv2%2Fmedia&parent=3315"}],"wp:term":[{"taxonomy":"category","embeddable":true,"href":"https:\/\/www.sallejoven.es\/index.php?rest_route=%2Fwp%2Fv2%2Fcategories&post=3315"},{"taxonomy":"post_tag","embeddable":true,"href":"https:\/\/www.sallejoven.es\/index.php?rest_route=%2Fwp%2Fv2%2Ftags&post=3315"}],"curies":[{"name":"wp","href":"https:\/\/api.w.org\/{rel}","templated":true}]}}