{"id":3214,"date":"2017-11-07T15:32:09","date_gmt":"2017-11-07T14:32:09","guid":{"rendered":"http:\/\/sallejoven.sallep.net\/?p=3214"},"modified":"2017-11-07T15:32:09","modified_gmt":"2017-11-07T14:32:09","slug":"encuentro-sallejovenagp2017","status":"publish","type":"post","link":"https:\/\/www.sallejoven.es\/?p=3214","title":{"rendered":"Encuentro #SalleJovenAGP2017"},"content":{"rendered":"<p>Convocados desde los grupos de\u00a0 <strong>SalleJovem, SalleJoven y SalleXove de los Centros La Salle de Barcelos, Ferrol, Ujo, Cia\u00f1o, Gij\u00f3n, La Felguera, Inmaculada y Santiago, <\/strong>alumnos y educadores de los diferentes colegios celebraron el \u00faltimo fin de semana de octubre el II Encuentro AGP (Asturias, Galicia y Portugal). En total se reunieron m\u00e1s de<strong> 400 personas<\/strong>.<\/p>\n<p>La tarde noche del viernes se iniciaba entre nervios del viaje, alg\u00fan que otro canto en los autobuses, \u00faltimos remates y una cena compartida, cogiendo fuerzas para el juego nocturno.<\/p>\n<p class=\"gmail_extra\">El s\u00e1bado por la ma\u00f1ana, dividos ya en los diferentes pa\u00edses, hasta el buen tiempo acompa\u00f1aba para celebrar las Olimpiadas. Despu\u00e9s de un duro entrenamiento, aunque apto para todos, durante la tarde se desarrollaron una serie de pruebas por la ciudad de Barcelos. Por la noche con una velada con youtubers y cantos&#8230;despedimos el d\u00eda.<\/p>\n<p class=\"gmail_extra\">El \u00faltimo d\u00eda la palabra la tom\u00f3 la Eucarist\u00eda con toda la Comunidad Educativa, profesores y familias del colegio de Barcelos que tambi\u00e9n se acercaron. De env\u00edo a los lugares de origen y con el buen sabor de boca del encuentro, se reparti\u00f3 una pulsera lasaliana con el lema que nos acompa\u00f1a este a\u00f1o \u201cA Tua Alegria, a Minha\u201d, junto con un caramelo como s\u00edmbolo para edulzar tambi\u00e9n la vida de otros.<\/p>\n<p class=\"gmail_extra\"><span style=\"color: #ff9900;\"><strong>Ahora ya solo queda preguntarnos&#8230; \u00bfCu\u00e1ndo es el pr\u00f3ximo encuentro?<\/strong><\/span><\/p>\n<h3><span style=\"color: #708db8;\"><strong>\u00a1No te pierdas las fotos!<\/strong><\/span><\/h3>\n<div><\/div>\n<div>\n\n<h3><span style=\"color: #008080;\"><strong>Encontrar\u00e1s unos v\u00eddeos en el Canal de YouTube del Sector de Valladolid:<\/strong><\/span><\/h3>\n<p><a href=\"https:\/\/www.youtube.com\/watch?v=JDjr_nPnP_c&amp;t=2s https:\/\/www.youtube.com\/watch?v=RkSuSd7SeFM\">www.youtube.com\/watch?v=JDjr_nPnP_c&amp;t=2shttps<\/a><\/p>\n<p><a href=\"http:\/\/www.youtube.com\/watch?v=RkSuSd7SeFM\">www.youtube.com\/watch?v=RkSuSd7SeFM<\/a><\/p>\n<\/div>\n","protected":false},"excerpt":{"rendered":"<p>Convocados desde los grupos de\u00a0 SalleJovem, SalleJoven y SalleXove de los Centros La Salle de Barcelos, Ferrol, Ujo, Cia\u00f1o, Gij\u00f3n, La Felguera, Inmaculada y Santiago, alumnos y educadores de los diferentes colegios celebraron el \u00faltimo fin de semana de octubre el II Encuentro AGP (Asturias, Galicia y Portugal). En total&#8230;<\/p>\n<p> <a class=\"continue-reading-link\" href=\"https:\/\/www.sallejoven.es\/?p=3214\"><span>Leer m\u00e1s<\/span><i class=\"crycon-right-dir\"><\/i><\/a> <\/p>\n","protected":false},"author":0,"featured_media":3354,"comment_status":"open","ping_status":"open","sticky":false,"template":"","format":"standard","meta":{"footnotes":""},"categories":[207,259],"tags":[],"class_list":["post-3214","post","type-post","status-publish","format-standard","has-post-thumbnail","hentry","category-centros","category-salle-joven"],"_links":{"self":[{"href":"https:\/\/www.sallejoven.es\/index.php?rest_route=\/wp\/v2\/posts\/3214","targetHints":{"allow":["GET"]}}],"collection":[{"href":"https:\/\/www.sallejoven.es\/index.php?rest_route=\/wp\/v2\/posts"}],"about":[{"href":"https:\/\/www.sallejoven.es\/index.php?rest_route=\/wp\/v2\/types\/post"}],"replies":[{"embeddable":true,"href":"https:\/\/www.sallejoven.es\/index.php?rest_route=%2Fwp%2Fv2%2Fcomments&post=3214"}],"version-history":[{"count":0,"href":"https:\/\/www.sallejoven.es\/index.php?rest_route=\/wp\/v2\/posts\/3214\/revisions"}],"wp:featuredmedia":[{"embeddable":true,"href":"https:\/\/www.sallejoven.es\/index.php?rest_route=\/"}],"wp:attachment":[{"href":"https:\/\/www.sallejoven.es\/index.php?rest_route=%2Fwp%2Fv2%2Fmedia&parent=3214"}],"wp:term":[{"taxonomy":"category","embeddable":true,"href":"https:\/\/www.sallejoven.es\/index.php?rest_route=%2Fwp%2Fv2%2Fcategories&post=3214"},{"taxonomy":"post_tag","embeddable":true,"href":"https:\/\/www.sallejoven.es\/index.php?rest_route=%2Fwp%2Fv2%2Ftags&post=3214"}],"curies":[{"name":"wp","href":"https:\/\/api.w.org\/{rel}","templated":true}]}}