{"id":301,"date":"2016-02-27T10:33:07","date_gmt":"2016-02-27T10:33:07","guid":{"rendered":"https:\/\/www.sallejoven.es\/?p=301"},"modified":"2016-02-27T10:41:34","modified_gmt":"2016-02-27T10:41:34","slug":"grupos-joves-la-salle-celebran-25-anos-sector-cataluna","status":"publish","type":"post","link":"https:\/\/www.sallejoven.es\/?p=301","title":{"rendered":"Grupos Joves La Salle celebran 25 a\u00f1os-Sector Catalu\u00f1a"},"content":{"rendered":"<p>M\u00e1s de 370 personas, miembros de los grupos de Joves La Salle, se han encontrado este fin de semana en La Salle Reus con motivo del encuentro La Clau 2016, que coincid\u00eda con la celebraci\u00f3n de los <strong>25 a\u00f1os de Joves La Salle<\/strong>.<\/p>\n<p><img loading=\"lazy\" decoding=\"async\" class=\"aligncenter\" src=\"http:\/\/lasalle.es\/images\/stories\/FotosNoticias\/0Febrero2016\/Joves25.jpg\" alt=\"\" width=\"900\" height=\"675\" \/><\/p>\n<p>Al llegar el s\u00e1bado los participantes ya descubrieron que para celebrar una fecha tan especial se hab\u00eda preparado una tarta descomunal y se realizaron diversas celebraciones de cumplea\u00f1os. El argumentario de actividades ven\u00eda marcado por el hecho de que los \u00abviejos de Joves La Salle\u00bb no quer\u00edan que se celebrara nada. Mientras tanto, los presentadores y los \u00abpayasos\u00bb animaban a los participantes a jugar y pasarlo bien.<\/p>\n<p><!--more--><\/p>\n<p>Despu\u00e9s de comer hicieron actividades por edades, yincana y descubrimiento de Reus, talleres, paintball, pi\u00f1atas, geocaching&#8230; Por la noche, despu\u00e9s de cenar, se celebr\u00f3 la oraci\u00f3n y se apagaron las velas de cumplea\u00f1os. Adem\u00e1s, los participantes recibieron un vaso conmemorativo como recuerdo. La noche termin\u00f3 con un incre\u00edble correfoc lleno de ritmo y fuerza.<br \/>\nEl domingo, todos los participantes se despertaron con la sorpresa de que el pastel de cumplea\u00f1os hab\u00eda desaparecido, y es que los \u00abviejos de J\u00f3venes La Salle\u00bb la hab\u00edan escondido. S\u00f3lo lo devolver\u00edan si todos los asistentes se organizaban por grupos, mezclando edades, y hac\u00edan juntos un macrojuegos donde se combinara el trabajo en equipo con la diversi\u00f3n. Dado el entusiasmo de todos los participantes, los \u00abviejos\u00bb no tuvieron otro remedio que devolver el pastel y lo hicieron llenos de alegr\u00eda, ya que todo el mundo hab\u00eda colaborado y hab\u00edan descubierto que juntos son <strong>Joves La Salle<\/strong>.<\/p>\n<p>La Salle Reus abri\u00f3 sus puertas a este encuentro de la fraternidad, donde la Comunidad de Hermanos y el Agrupamiento EG Ben All\u00e1 de La Salle Reus colaboraron activamente en la acogida y la disponibilidad. El encuentro reuni\u00f3 a 10 grupos diferentes: La Traca de La Salle Premi\u00e0, 7DE9 Joves La Salle i Splai Taula de La Salle Comtal, Agrupament EG Ben Enll\u00e0 de La Salle Reus, Agrupament EG Erol de La Salle Sant Celoni, Esplai El Drop de La Salle Congr\u00e9s, Agrupament EG GELSTO de La Salle Torreforta, Agrupament EG Ixent de La Salle Tarragona, Agrupament EG de La Salle Barceloneta i Grup Sol de Ponent de La Salle Mollerussa.<\/p>\n<p><strong>Lorena Tella<\/strong><\/p>\n","protected":false},"excerpt":{"rendered":"<p>M\u00e1s de 370 personas, miembros de los grupos de Joves La Salle, se han encontrado este fin de semana en La Salle Reus con motivo del encuentro La Clau 2016, que coincid\u00eda con la celebraci\u00f3n de los 25 a\u00f1os de Joves La Salle. Al llegar el s\u00e1bado los participantes ya&#8230;<\/p>\n<p> <a class=\"continue-reading-link\" href=\"https:\/\/www.sallejoven.es\/?p=301\"><span>Leer m\u00e1s<\/span><i class=\"crycon-right-dir\"><\/i><\/a> <\/p>\n","protected":false},"author":1,"featured_media":0,"comment_status":"open","ping_status":"open","sticky":false,"template":"","format":"image","meta":{"footnotes":""},"categories":[7,1],"tags":[],"class_list":["post-301","post","type-post","status-publish","format-image","hentry","category-noticias-catalunya","category-uncategorized","post_format-post-format-image"],"_links":{"self":[{"href":"https:\/\/www.sallejoven.es\/index.php?rest_route=\/wp\/v2\/posts\/301","targetHints":{"allow":["GET"]}}],"collection":[{"href":"https:\/\/www.sallejoven.es\/index.php?rest_route=\/wp\/v2\/posts"}],"about":[{"href":"https:\/\/www.sallejoven.es\/index.php?rest_route=\/wp\/v2\/types\/post"}],"author":[{"embeddable":true,"href":"https:\/\/www.sallejoven.es\/index.php?rest_route=\/wp\/v2\/users\/1"}],"replies":[{"embeddable":true,"href":"https:\/\/www.sallejoven.es\/index.php?rest_route=%2Fwp%2Fv2%2Fcomments&post=301"}],"version-history":[{"count":2,"href":"https:\/\/www.sallejoven.es\/index.php?rest_route=\/wp\/v2\/posts\/301\/revisions"}],"predecessor-version":[{"id":303,"href":"https:\/\/www.sallejoven.es\/index.php?rest_route=\/wp\/v2\/posts\/301\/revisions\/303"}],"wp:attachment":[{"href":"https:\/\/www.sallejoven.es\/index.php?rest_route=%2Fwp%2Fv2%2Fmedia&parent=301"}],"wp:term":[{"taxonomy":"category","embeddable":true,"href":"https:\/\/www.sallejoven.es\/index.php?rest_route=%2Fwp%2Fv2%2Fcategories&post=301"},{"taxonomy":"post_tag","embeddable":true,"href":"https:\/\/www.sallejoven.es\/index.php?rest_route=%2Fwp%2Fv2%2Ftags&post=301"}],"curies":[{"name":"wp","href":"https:\/\/api.w.org\/{rel}","templated":true}]}}