{"id":2925,"date":"2016-02-01T10:41:23","date_gmt":"2016-02-01T09:41:23","guid":{"rendered":"http:\/\/sallejoven.sallep.net\/?p=411"},"modified":"2016-02-01T10:41:23","modified_gmt":"2016-02-01T09:41:23","slug":"encuentro-universitario-2016","status":"publish","type":"post","link":"https:\/\/www.sallejoven.es\/?p=2925","title":{"rendered":"Encuentro Universitario 2016"},"content":{"rendered":"<p><strong>\u00a1Hola a todos!<\/strong><\/p>\n<p>Los pr\u00f3ximos <strong>19, 20 y 21 de febrero<\/strong> se ha organizado un encuentro en Astorga para todas y todos los j\u00f3venes que est\u00e9n en Grupos Cristianos Universitarios o personas que est\u00e9n en b\u00fasqueda del Sector Valladolid.<\/p>\n<p><strong>\u00bfPor qu\u00e9 venir al encuentro?<\/strong> Porque es importante. Todos los que nos encontramos en situaciones parecidas necesitamos de estos espacios para vernos, hablar, compartir\u2026 Es una oportunidad \u00fanica para la convivencia y el encuentro; aqu\u00ed lo principal somos cada uno de nosotros y desde la coordinadora queremos que sea as\u00ed.<\/p>\n<p>El lema que nos concierne a todos este a\u00f1o, <strong>\u201cEs justo y necesario\u201d<\/strong>, nos lleva a pensar en la necesidad de conocer ciertos hechos que desde nuestra posici\u00f3n de j\u00f3venes, nos abren una ventana a reflexionar sobre las realidades que nos deben interpelar del mundo. As\u00ed que bajo esta perspectiva, este a\u00f1o nos hemos propuesto un encuentro basado en el trabajo de los otros tres verbos que aparecen junto al lema, que son <strong>CONOCER, INTERPRETAR y TRANSFORMAR<\/strong>. Gracias a ellos tomaremos conciencia de nuestro papel en el mundo respecto a las crisis que lo asolan, lo que nos servir\u00e1 para, en un futuro no muy lejano, tomar posiciones y actuar conforme a nuestros carismas.<\/p>\n<p>En el encuentro vamos a estar personas de todo el sector, por eso<strong> pedimos un peque\u00f1o esfuerzo para que vayamos la mayor\u00eda<\/strong>.<\/p>\n<p>Por \u00faltimo, este fin de semana <strong>comenzar\u00e1 el viernes 19<\/strong> seg\u00fan vayan llegando las personas a Astorga. Ser\u00e1 un tiempo para poder estar, de encuentro o reencuentros. Y finalizaremos el domingo antes de comer.<\/p>\n<p>A nivel de infraestructura os comentamos:<\/p>\n<ul>\n<li><strong>Comidas:<\/strong> Para el viernes lo mejor es ir cenado. Si no, se puede llevar algo y cenar all\u00ed. Los desayunos del s\u00e1bado y del domingo los haremos all\u00ed. La comida del s\u00e1bado ser\u00e1 compartida con lo que cada uno traiga y la cena del s\u00e1bado nos lo har\u00e1 un catering.<\/li>\n<li>Es necesario que todas las personas lleven<strong> saco de dormir y esterilla<\/strong>.<\/li>\n<li>El precio del encuentro ser\u00e1 de <strong>10 euros<\/strong>.<\/li>\n<li><strong>Para apuntarse<\/strong> al encuentro escribid al mail de Cristina, miyazcri93@gmail.com Hacedlo cuanto antes. <strong>No m\u00e1s tarde del 12 de Febrero<\/strong>.<\/li>\n<\/ul>\n<p>Seg\u00fan se vaya acercando la fecha iremos dando m\u00e1s detalles de todo.<\/p>\n<p>&nbsp;<\/p>\n<p><a href=\"http:\/\/sallejoven.es\/wp-content\/uploads\/2016\/01\/Horario.png\"><img loading=\"lazy\" decoding=\"async\" class=\"aligncenter wp-image-412 size-full\" src=\"http:\/\/sallejoven.es\/wp-content\/uploads\/2016\/01\/Horario.png\" alt=\"Horario\" width=\"1203\" height=\"841\" \/><\/a><\/p>\n<p>&nbsp;<\/p>\n<p><strong><a href=\"http:\/\/sallejoven.es\/wp-content\/uploads\/2016\/01\/Tri\u0301ptico-.pdf\" target=\"_blank\" rel=\"noopener noreferrer\">&gt; Ver tr\u00edptico del Encuentro<\/a><\/strong><br \/>\n<strong><a href=\"http:\/\/sallejoven.es\/wp-content\/uploads\/2016\/01\/Carta-de-Convocatoria-Encuentro-Universitario-Astorga-2016.pdf\" target=\"_blank\" rel=\"noopener noreferrer\">&gt; Ver carta de convocatoria<\/a><\/strong><\/p>\n<p><strong>Un saludo<\/strong><br \/>\nDaniel, Pablo, Ana y Cristina<br \/>\nCoordinadora Universitaria<\/p>\n<p>&nbsp;     <\/p>\n","protected":false},"excerpt":{"rendered":"<p>\u00a1Hola a todos! Los pr\u00f3ximos 19, 20 y 21 de febrero se ha organizado un encuentro en Astorga para todas y todos los j\u00f3venes que est\u00e9n en Grupos Cristianos Universitarios o personas que est\u00e9n en b\u00fasqueda del Sector Valladolid. \u00bfPor qu\u00e9 venir al encuentro? Porque es importante. Todos los que&#8230;<\/p>\n<p> <a class=\"continue-reading-link\" href=\"https:\/\/www.sallejoven.es\/?p=2925\"><span>Leer m\u00e1s<\/span><i class=\"crycon-right-dir\"><\/i><\/a> <\/p>\n","protected":false},"author":0,"featured_media":442,"comment_status":"open","ping_status":"open","sticky":false,"template":"","format":"standard","meta":{"footnotes":""},"categories":[206],"tags":[],"class_list":["post-2925","post","type-post","status-publish","format-standard","has-post-thumbnail","hentry","category-sin-categoria"],"_links":{"self":[{"href":"https:\/\/www.sallejoven.es\/index.php?rest_route=\/wp\/v2\/posts\/2925","targetHints":{"allow":["GET"]}}],"collection":[{"href":"https:\/\/www.sallejoven.es\/index.php?rest_route=\/wp\/v2\/posts"}],"about":[{"href":"https:\/\/www.sallejoven.es\/index.php?rest_route=\/wp\/v2\/types\/post"}],"replies":[{"embeddable":true,"href":"https:\/\/www.sallejoven.es\/index.php?rest_route=%2Fwp%2Fv2%2Fcomments&post=2925"}],"version-history":[{"count":0,"href":"https:\/\/www.sallejoven.es\/index.php?rest_route=\/wp\/v2\/posts\/2925\/revisions"}],"wp:featuredmedia":[{"embeddable":true,"href":"https:\/\/www.sallejoven.es\/index.php?rest_route=\/"}],"wp:attachment":[{"href":"https:\/\/www.sallejoven.es\/index.php?rest_route=%2Fwp%2Fv2%2Fmedia&parent=2925"}],"wp:term":[{"taxonomy":"category","embeddable":true,"href":"https:\/\/www.sallejoven.es\/index.php?rest_route=%2Fwp%2Fv2%2Fcategories&post=2925"},{"taxonomy":"post_tag","embeddable":true,"href":"https:\/\/www.sallejoven.es\/index.php?rest_route=%2Fwp%2Fv2%2Ftags&post=2925"}],"curies":[{"name":"wp","href":"https:\/\/api.w.org\/{rel}","templated":true}]}}