{"id":2924,"date":"2016-03-01T15:13:09","date_gmt":"2016-03-01T14:13:09","guid":{"rendered":"http:\/\/sallejoven.sallep.net\/?p=408"},"modified":"2016-03-01T15:13:09","modified_gmt":"2016-03-01T14:13:09","slug":"tbdnxe16-cronica","status":"publish","type":"post","link":"https:\/\/www.sallejoven.es\/?p=2924","title":{"rendered":"TBDNXE 2016"},"content":{"rendered":"<p>El pasado 11 de Marzo se celebr\u00f3, en el colegio de la Salle Valladolid, la VII edici\u00f3n del TBDNXE, o tambi\u00e9n conocido como <em>Tambi\u00e9n de Noche<\/em>, un espacio de encuentro y oraci\u00f3n para j\u00f3venes y mayores, que pretende, a trav\u00e9s de diversas formas de expresi\u00f3n, ser el dinamizador de una serie de momentos a lo largo de buena parte de la noche. Estos momentos han sido, en las anteriores ediciones as\u00ed como en esta, de muy diversa forma y contenido, pudiendo encontrar momentos y din\u00e1micas de oraci\u00f3n, expresi\u00f3n corporal, expresi\u00f3n musical, danza, relajaci\u00f3n, poes\u00eda, teatro, etc. entre otras.<\/p>\n<p>Toda una serie de propuestas y momentos que han sido llevados a cabo, en buena medida, gracias a la colaboraci\u00f3n de los propios participantes, aunque en otras ocasiones como la de este \u00faltimo tbdnxe 2016 tambi\u00e9n se cuenta con la participaci\u00f3n de otras personas o grupos m\u00e1s consolidados. Por el <em>Tambi\u00e9n de Noche<\/em> han pasado artistas y grupos como <em>Luis Guitarra<\/em>, <em>Brotes de Olivo<\/em>, <em>Metamorfosis<\/em>, <em>Ixcis<\/em>, etc. Personas y grupos que nos brindan con su aportaci\u00f3n fant\u00e1sticos momentos de interioridad y oraci\u00f3n, as\u00ed como el poder disfrutar de preciosas manifestaciones art\u00edsticas.<\/p>\n<p>La noche, como ya hemos comentado, estuvo dinamizada a trav\u00e9s de una serie de diferentes momentos. En primer lugar el tbdnxe da comienzo con un momento de acogida y bienvenida, un momento para encontrarse con la gente que asiste al evento y ponerse un poco al d\u00eda. Tras este primer momento de acogida, la puesta al d\u00eda contin\u00faa con una cena compartida, tras lo cual empiezan las din\u00e1micas y momentos clave de la noche.<\/p>\n<p>En esta VII edici\u00f3n del <em>Tambi\u00e9n de Noche<\/em>, pudimos disfrutar de tres espacios, dinamizados por tres grupos diferentes: un primer momento de oraci\u00f3n de la mano de Emilia Arija y Almudena, el que nos brindaron un peque\u00f1o espacio de interioridad acunado por lo bello de sus letras y arropado en lo armonioso de sus voces;\u00a0 un segundo tiempo con <em>Espacio de Oraci\u00f3n<\/em> en torno a la enc\u00edclica del Papa Francisco <em>Laudato Si<\/em>, un peque\u00f1o momento de oraci\u00f3n este, que de forma muy gr\u00e1fica y con una cierta teatralidad nos ofrec\u00eda un momento de reflexi\u00f3n, un momento de reflexi\u00f3n en torno al mundo en el que vivimos y el uso, as\u00ed como el abuso, que hacemos de este espacio com\u00fan que es la Tierra; y para finalizar en torno a la m\u00fasica con el grupo <em>Ixcis<\/em>, un concierto este con algunas de sus temas de m\u00e1s largo recorrido haciendo especial hincapi\u00e9 en la motivaci\u00f3n profunda que les llevo a componerlos, as\u00ed como algunas de las canciones de su nuevo disco, girando todo ello en torno a la cuesti\u00f3n de la <em>Misericordia<\/em>, en consonancia con el a\u00f1o en el que nos encontramos, tal y como declaro el Papa Francisco. Una edici\u00f3n realmente especial la de este a\u00f1o, si tenemos adem\u00e1s en cuenta que tanto Emilia y Almudena, como <em>Ixcis<\/em>, asist\u00edan al encuentro con un nuevo disco: <em>Imperfecta<\/em> (Emilia Arija), <em>Agua<\/em> (Almudena) y <em>La lluvia de tu misericordia<\/em> (<em>Ixcis<\/em>).<\/p>\n<p>Tomaba as\u00ed forma una noche, la de esta entrega 2016, realmente singular y excepcional, en la que el denominador com\u00fan es el que los j\u00f3venes han encontrado un espacio de encuentro, convivencia, reflexi\u00f3n, un espacio en el que compartir inquietudes y procesos vitales, a trav\u00e9s del arte y a trav\u00e9s de diferentes formas de expresi\u00f3n, siempre en consonancia con eso que nos mueve y nos une, que es la fe. Un espacio en el que, como en ocasiones anteriores, la est\u00edtica y la ambientaci\u00f3n juegan un papel clave, que favorece esa sensaci\u00f3n de acogida, de cercan\u00eda, y fundamentalmente de comodidad para poder vivir y disfrutar este momento, preparado con tanto mimo. En este sentido, la ambientaci\u00f3n del lugar com\u00fan, es decir, la capilla de colegio La Salle de Valladolid presentaba una evocadora decoraci\u00f3n, que nos recuerda a ese mundo natural, a esa fr\u00e1gil madre tierra que hemos de cuidar, en consonancia con la tem\u00e1tica general del encuentro, siendo esta el <em>Laudato Si<\/em>.<\/p>\n<p>Gracias a la aportaci\u00f3n de los participantes, bien fuese como decoradores, t\u00e9cnicos de sonido, dinamizadores del encuentro o de alguno de los momentos de la noche, dando la acogida, sirviendo caf\u00e9 y t\u00e9, o de cualquiera de las formas, el tbdnxe 2016, como en a\u00f1os anteriores, resulto ser un peque\u00f1o reducto de tranquilidad e interioridad, un oasis en el desierto de la rutina y los quehaceres diarios que nos llevan de un lado para otro, siempre r\u00e1pido, siempre con prisas, y que tanto nos alejan y distraen de lo esencial y verdaderamente importante, que tanto nos alejan de sumergirnos en lo profundo. Es por ello que es realmente excepcional y fant\u00e1stico poder contar con un momento como este, que aunque ojala fuese m\u00e1s a menudo, siempre nos brinda esa oportunidad de asomarnos al encuentro con los otros, con aquellos que comparten inquietudes, proyectos y caminos comunes, y sobre todo asomarnos al encuentro con nosotros mismo siempre desde la atenta mirada de Dios.     <\/p>\n","protected":false},"excerpt":{"rendered":"<p>El pasado 11 de Marzo se celebr\u00f3, en el colegio de la Salle Valladolid, la VII edici\u00f3n del TBDNXE, o tambi\u00e9n conocido como Tambi\u00e9n de Noche, un espacio de encuentro y oraci\u00f3n para j\u00f3venes y mayores, que pretende, a trav\u00e9s de diversas formas de expresi\u00f3n, ser el dinamizador de una&#8230;<\/p>\n<p> <a class=\"continue-reading-link\" href=\"https:\/\/www.sallejoven.es\/?p=2924\"><span>Leer m\u00e1s<\/span><i class=\"crycon-right-dir\"><\/i><\/a> <\/p>\n","protected":false},"author":0,"featured_media":444,"comment_status":"open","ping_status":"open","sticky":false,"template":"","format":"standard","meta":{"footnotes":""},"categories":[206],"tags":[],"class_list":["post-2924","post","type-post","status-publish","format-standard","has-post-thumbnail","hentry","category-sin-categoria"],"_links":{"self":[{"href":"https:\/\/www.sallejoven.es\/index.php?rest_route=\/wp\/v2\/posts\/2924","targetHints":{"allow":["GET"]}}],"collection":[{"href":"https:\/\/www.sallejoven.es\/index.php?rest_route=\/wp\/v2\/posts"}],"about":[{"href":"https:\/\/www.sallejoven.es\/index.php?rest_route=\/wp\/v2\/types\/post"}],"replies":[{"embeddable":true,"href":"https:\/\/www.sallejoven.es\/index.php?rest_route=%2Fwp%2Fv2%2Fcomments&post=2924"}],"version-history":[{"count":0,"href":"https:\/\/www.sallejoven.es\/index.php?rest_route=\/wp\/v2\/posts\/2924\/revisions"}],"wp:featuredmedia":[{"embeddable":true,"href":"https:\/\/www.sallejoven.es\/index.php?rest_route=\/wp\/v2\/pages\/444"}],"wp:attachment":[{"href":"https:\/\/www.sallejoven.es\/index.php?rest_route=%2Fwp%2Fv2%2Fmedia&parent=2924"}],"wp:term":[{"taxonomy":"category","embeddable":true,"href":"https:\/\/www.sallejoven.es\/index.php?rest_route=%2Fwp%2Fv2%2Fcategories&post=2924"},{"taxonomy":"post_tag","embeddable":true,"href":"https:\/\/www.sallejoven.es\/index.php?rest_route=%2Fwp%2Fv2%2Ftags&post=2924"}],"curies":[{"name":"wp","href":"https:\/\/api.w.org\/{rel}","templated":true}]}}