{"id":2916,"date":"2015-11-08T15:18:50","date_gmt":"2015-11-08T14:18:50","guid":{"rendered":"http:\/\/sallejoven.sallep.net\/?p=297"},"modified":"2015-11-08T15:18:50","modified_gmt":"2015-11-08T14:18:50","slug":"sallejovenjuegosdelhambre-encuentro-propuesta-cantabria-sallejovenva","status":"publish","type":"post","link":"https:\/\/www.sallejoven.es\/?p=2916","title":{"rendered":"Encuentro de Propuesta \u00abJuegos del hambre\u00bb Cantabria"},"content":{"rendered":"<p><a href=\"http:\/\/corrales.lasalle.es\/wp-content\/uploads\/2015\/11\/IMG_1521-COLLAGE.jpg\"><img loading=\"lazy\" decoding=\"async\" class=\"alignleft size-full wp-image-9419\" src=\"http:\/\/corrales.lasalle.es\/wp-content\/uploads\/2015\/11\/IMG_1521-COLLAGE.jpg\" alt=\"IMG_1521-COLLAGE\" width=\"480\" height=\"480\" \/><\/a>Nos revelamos contra el sistema. Como el canto del sinsajo. M\u00e1s all\u00e1 del distrito en el que nos encasillamos. Para dejar de ser simples tributos.<\/p>\n<p>El <strong>6 y 7 de noviembre<\/strong> pasados, los muchachos de <strong>Grupos Cristianos de Santander y Audecor de Los Corrales<\/strong> participaron en una nueva iniciativa de Salle Joven Cantabria: el encuentro de propuesta #sallejovenjuegosdelhambre al que estaban convocados por sus animadores.<\/p>\n<p>Ambientado en torno a la pel\u00edcula Los Juegos del Hambre, <strong>35 personas<\/strong> de los grupos de 3 ESO hasta 2 Bach participaron de este encuentro en Los Corrales. Si conoces la pel\u00edcula, los muchachos, desde sus distritos trabajaron algunos valores y, por supuesto, la construcci\u00f3n de la persona y el esp\u00edritu cr\u00edtico. Hubo tiempo para jugar, cantar, bailar, comer unas palomitas viendo la peli y celebrar, con Jes\u00fas de Nazaret, los cambios y decisiones que vamos adoptando en la vida.<\/p>\n<p>Recuerda&#8230; <a href=\"https:\/\/twitter.com\/search?q=%23soysinsajocuando&amp;src=typd\" target=\"_blank\" rel=\"noopener noreferrer\">#soysinsajocuando<\/a> <a href=\"https:\/\/twitter.com\/search?q=%23sallejovenjuegosdelhambre&amp;src=tyah\" target=\"_blank\" rel=\"noopener noreferrer\">#sallejovenjuegosdelhambre\u00a0<\/a><\/p>\n<p><a href=\"https:\/\/goo.gl\/photos\/gUmHNAoGhJSA8Got6\" target=\"_blank\" rel=\"noopener noreferrer\">Ver fotos<\/a><\/p>\n<p><a href=\"https:\/\/goo.gl\/photos\/gUmHNAoGhJSA8Got6\" target=\"_blank\" rel=\"noopener noreferrer\">https:\/\/goo.gl\/photos\/gUmHNAoGhJSA8Got6<\/a><\/p>\n<p><a href=\"http:\/\/corrales.lasalle.es\/?p=9097\" target=\"_blank\" rel=\"noopener noreferrer\">Ver convocatoria<\/a><\/p>\n<p><a href=\"http:\/\/sallejoven.sallep.net\/\" target=\"_blank\" rel=\"noopener noreferrer\">Ver web Salle Joven con las fotos del verano en #Bujedo15 y @romaexperience5<\/a><\/p>\n<p><a title=\"salle joven\" href=\"https:\/\/twitter.com\/sallejovenva\">@SalleJovenVA<\/a><\/p>\n<p><a href=\"http:\/\/corrales.lasalle.es\/?cat=5\" rel=\"category\">Otras noticias Audecor<\/a><\/p>\n<p><a href=\"http:\/\/corrales.lasalle.es\/?s=Proyecto+Estrella\" target=\"_blank\" rel=\"noopener noreferrer\">Otras noticias Proyecto Estrella<\/a><\/p>\n<p><a href=\"https:\/\/twitter.com\/hashtag\/ProyectoEstrella?src=hash\" target=\"_blank\" rel=\"noopener noreferrer\">#ProyectoEstrella<\/a><\/p>\n<p><a href=\"https:\/\/instagram.com\/sallejovencorrales\/\" target=\"_blank\" rel=\"noopener noreferrer\">https:\/\/instagram.com\/sallejovencorrales\/<\/a><\/p>\n<p>https:\/\/youtu.be\/s2Fhks6r12g<\/p>\n<p>#Sallejovenjuegosdelhambre Encuentro #Propuesta #Cantabria @SalleJovenVa     <\/p>\n","protected":false},"excerpt":{"rendered":"<p>Nos revelamos contra el sistema. Como el canto del sinsajo. M\u00e1s all\u00e1 del distrito en el que nos encasillamos. Para dejar de ser simples tributos. El 6 y 7 de noviembre pasados, los muchachos de Grupos Cristianos de Santander y Audecor de Los Corrales participaron en una nueva iniciativa de&#8230;<\/p>\n<p> <a class=\"continue-reading-link\" href=\"https:\/\/www.sallejoven.es\/?p=2916\"><span>Leer m\u00e1s<\/span><i class=\"crycon-right-dir\"><\/i><\/a> <\/p>\n","protected":false},"author":0,"featured_media":298,"comment_status":"open","ping_status":"open","sticky":false,"template":"","format":"standard","meta":{"footnotes":""},"categories":[215,219],"tags":[213,214,216,217,202,218],"class_list":["post-2916","post","type-post","status-publish","format-standard","has-post-thumbnail","hentry","category-corrales","category-santander","tag-audecor","tag-cantabria","tag-los-corrales-de-buelna","tag-propuesta","tag-salle-joven","tag-santander"],"_links":{"self":[{"href":"https:\/\/www.sallejoven.es\/index.php?rest_route=\/wp\/v2\/posts\/2916","targetHints":{"allow":["GET"]}}],"collection":[{"href":"https:\/\/www.sallejoven.es\/index.php?rest_route=\/wp\/v2\/posts"}],"about":[{"href":"https:\/\/www.sallejoven.es\/index.php?rest_route=\/wp\/v2\/types\/post"}],"replies":[{"embeddable":true,"href":"https:\/\/www.sallejoven.es\/index.php?rest_route=%2Fwp%2Fv2%2Fcomments&post=2916"}],"version-history":[{"count":0,"href":"https:\/\/www.sallejoven.es\/index.php?rest_route=\/wp\/v2\/posts\/2916\/revisions"}],"wp:featuredmedia":[{"embeddable":true,"href":"https:\/\/www.sallejoven.es\/index.php?rest_route=\/wp\/v2\/posts\/298"}],"wp:attachment":[{"href":"https:\/\/www.sallejoven.es\/index.php?rest_route=%2Fwp%2Fv2%2Fmedia&parent=2916"}],"wp:term":[{"taxonomy":"category","embeddable":true,"href":"https:\/\/www.sallejoven.es\/index.php?rest_route=%2Fwp%2Fv2%2Fcategories&post=2916"},{"taxonomy":"post_tag","embeddable":true,"href":"https:\/\/www.sallejoven.es\/index.php?rest_route=%2Fwp%2Fv2%2Ftags&post=2916"}],"curies":[{"name":"wp","href":"https:\/\/api.w.org\/{rel}","templated":true}]}}