{"id":2875,"date":"2020-01-23T20:01:00","date_gmt":"2020-01-23T20:01:00","guid":{"rendered":"https:\/\/www.sallejoven.es\/?p=2875"},"modified":"2020-01-24T07:41:18","modified_gmt":"2020-01-24T07:41:18","slug":"romaexperience20-empieza-el-verano-con-sallejovenva-1bachillerato-11ano","status":"publish","type":"post","link":"https:\/\/www.sallejoven.es\/?p=2875","title":{"rendered":"#RomaExperience20 empieza el verano con @SalleJovenVa #1Bachillerato #11ano"},"content":{"rendered":"\n<figure class=\"wp-block-image size-large\"><img loading=\"lazy\" decoding=\"async\" width=\"723\" height=\"1024\" src=\"https:\/\/www.sallejoven.es\/wp-content\/uploads\/2020\/01\/2020-Presentaci\u00f3n-Romaexperience-La-Salle-SectorVa_P\u00e1gina_1-723x1024.jpg\" alt=\"\" class=\"wp-image-2878\" srcset=\"https:\/\/www.sallejoven.es\/wp-content\/uploads\/2020\/01\/2020-Presentaci\u00f3n-Romaexperience-La-Salle-SectorVa_P\u00e1gina_1-723x1024.jpg 723w, https:\/\/www.sallejoven.es\/wp-content\/uploads\/2020\/01\/2020-Presentaci\u00f3n-Romaexperience-La-Salle-SectorVa_P\u00e1gina_1-353x500.jpg 353w, https:\/\/www.sallejoven.es\/wp-content\/uploads\/2020\/01\/2020-Presentaci\u00f3n-Romaexperience-La-Salle-SectorVa_P\u00e1gina_1-768x1087.jpg 768w, https:\/\/www.sallejoven.es\/wp-content\/uploads\/2020\/01\/2020-Presentaci\u00f3n-Romaexperience-La-Salle-SectorVa_P\u00e1gina_1-106x150.jpg 106w, https:\/\/www.sallejoven.es\/wp-content\/uploads\/2020\/01\/2020-Presentaci\u00f3n-Romaexperience-La-Salle-SectorVa_P\u00e1gina_1.jpg 835w\" sizes=\"auto, (max-width: 723px) 100vw, 723px\" \/><\/figure>\n\n\n\n<h1 class=\"wp-block-heading\"><strong>una experiencia \u00fanica que no olvidar\u00e1s<\/strong><\/h1>\n\n\n\n<p>Este verano tienes la oportunidad en tus manos. \u00bfLo dejar\u00e1s escapar?<\/p>\n\n\n\n<p>Reserva una semana a comienzos del mes de julio para ir con otros compa\u00f1eros de 1\u00ba de Bachillerato de Grupos Cristianos La Salle Sector Valladolid a vivir una semana de encuentro en la capital italiana y centro del cristianismo.<br> En estos d\u00edas tendr\u00e1s la oportunidad de recorrer sus calles, sus tradiciones, su historia, pero, sobre todo, de vivir una experiencia.<\/p>\n\n\n\n<h3 class=\"wp-block-heading\">din\u00e1mica del encuentro<\/h3>\n\n\n\n<p>#romaexperience20 ser\u00e1 ser una experiencia a varios niveles, priorizando el gran grupo y la experiencia personal. Dejamos, pues la experiencia de grupo peque\u00f1o para las cuestiones m\u00e1s organizativas.<\/p>\n\n\n\n<p>Teniendo en cuenta que, el n\u00famero de asistentes no sea superior a 75, el formato de grupo base ser\u00e1 el asambleario.<\/p>\n\n\n\n<p>El nivel individual ser\u00eda el clave. Cada participante tendr\u00e1 una \u201cgu\u00eda del encuentro\u201d con un peque\u00f1o texto por cada d\u00eda, alguna indicaci\u00f3n para centrar la actividad motivadora y alguna pregunta para provocar el di\u00e1logo en peque\u00f1o grupo y, posteriormente, en asamblea. La gu\u00eda tendr\u00e1 un n\u00famero considerable de p\u00e1ginas en blanco para que cada uno pueda escribir, dibujar\u2026 las sensaciones de cada d\u00eda.<\/p>\n\n\n\n<p>Especialmente para el d\u00eda dedicado a \u00bfen el mundo? alguna din\u00e1mica de interioridad que prepare lo que se va a vivir en esa jornada.<\/p>\n\n\n\n<figure class=\"wp-block-image size-large\"><img loading=\"lazy\" decoding=\"async\" width=\"1024\" height=\"865\" src=\"https:\/\/www.sallejoven.es\/wp-content\/uploads\/2020\/01\/2020-Presentaci\u00f3n-Romaexperience-La-Salle-SectorVa_P\u00e1gina_2-e1579819509355-1024x865.jpg\" alt=\"\" class=\"wp-image-2879\" srcset=\"https:\/\/www.sallejoven.es\/wp-content\/uploads\/2020\/01\/2020-Presentaci\u00f3n-Romaexperience-La-Salle-SectorVa_P\u00e1gina_2-e1579819509355-1024x865.jpg 1024w, https:\/\/www.sallejoven.es\/wp-content\/uploads\/2020\/01\/2020-Presentaci\u00f3n-Romaexperience-La-Salle-SectorVa_P\u00e1gina_2-e1579819509355-550x465.jpg 550w, https:\/\/www.sallejoven.es\/wp-content\/uploads\/2020\/01\/2020-Presentaci\u00f3n-Romaexperience-La-Salle-SectorVa_P\u00e1gina_2-e1579819509355-768x649.jpg 768w, https:\/\/www.sallejoven.es\/wp-content\/uploads\/2020\/01\/2020-Presentaci\u00f3n-Romaexperience-La-Salle-SectorVa_P\u00e1gina_2-e1579819509355-1536x1298.jpg 1536w, https:\/\/www.sallejoven.es\/wp-content\/uploads\/2020\/01\/2020-Presentaci\u00f3n-Romaexperience-La-Salle-SectorVa_P\u00e1gina_2-e1579819509355-150x127.jpg 150w, https:\/\/www.sallejoven.es\/wp-content\/uploads\/2020\/01\/2020-Presentaci\u00f3n-Romaexperience-La-Salle-SectorVa_P\u00e1gina_2-e1579819509355.jpg 1653w\" sizes=\"auto, (max-width: 1024px) 100vw, 1024px\" \/><\/figure>\n\n\n\n<h3 class=\"wp-block-heading\"><strong>\u00bfQuieres saber m\u00e1s?<\/strong><\/h3>\n\n\n\n<p>Pregunta a tu animador de grupo Salle Joven de 1 Bach, 11\u00ba ano o a tu Delegado de Pastoral.<\/p>\n\n\n\n<p>+info y fotos: <a href=\"https:\/\/twitter.com\/hashtag\/RomaExperience20\" target=\"_blank\" rel=\"noreferrer noopener\" aria-label=\"#RomaExperience20 (se abre en una nueva pesta\u00f1a)\">#RomaExperience20<\/a> y <a rel=\"noreferrer noopener\" href=\"http:\/\/sallejoven.sallep.net\/verano-salle-joven-2019\/\" target=\"_blank\">http:\/\/sallejoven.sallep.net\/verano-salle-joven-2019\/<\/a>&nbsp;. <\/p>\n\n\n\n<figure class=\"wp-block-image size-large\"><img loading=\"lazy\" decoding=\"async\" width=\"680\" height=\"419\" src=\"https:\/\/www.sallejoven.es\/wp-content\/uploads\/2020\/01\/romaexperience20.png\" alt=\"\" class=\"wp-image-2880\" srcset=\"https:\/\/www.sallejoven.es\/wp-content\/uploads\/2020\/01\/romaexperience20.png 680w, https:\/\/www.sallejoven.es\/wp-content\/uploads\/2020\/01\/romaexperience20-550x339.png 550w, https:\/\/www.sallejoven.es\/wp-content\/uploads\/2020\/01\/romaexperience20-150x92.png 150w\" sizes=\"auto, (max-width: 680px) 100vw, 680px\" \/><\/figure>\n\n\n\n<p><\/p>\n","protected":false},"excerpt":{"rendered":"<p>una experiencia \u00fanica que no olvidar\u00e1s Este verano tienes la oportunidad en tus manos. \u00bfLo dejar\u00e1s escapar? Reserva una semana a comienzos del mes de julio para ir con otros compa\u00f1eros de 1\u00ba de Bachillerato de Grupos Cristianos La Salle Sector Valladolid a vivir una semana de encuentro en la&#8230;<\/p>\n<p> <a class=\"continue-reading-link\" href=\"https:\/\/www.sallejoven.es\/?p=2875\"><span>Leer m\u00e1s<\/span><i class=\"crycon-right-dir\"><\/i><\/a> <\/p>\n","protected":false},"author":21,"featured_media":2878,"comment_status":"open","ping_status":"open","sticky":false,"template":"","format":"standard","meta":{"footnotes":""},"categories":[10],"tags":[201,202,19,203,204],"class_list":["post-2875","post","type-post","status-publish","format-standard","has-post-thumbnail","hentry","category-noticias-valladolid","tag-romaexperience","tag-salle-joven","tag-sallejoven","tag-sector-valladolid","tag-verano2020"],"_links":{"self":[{"href":"https:\/\/www.sallejoven.es\/index.php?rest_route=\/wp\/v2\/posts\/2875","targetHints":{"allow":["GET"]}}],"collection":[{"href":"https:\/\/www.sallejoven.es\/index.php?rest_route=\/wp\/v2\/posts"}],"about":[{"href":"https:\/\/www.sallejoven.es\/index.php?rest_route=\/wp\/v2\/types\/post"}],"author":[{"embeddable":true,"href":"https:\/\/www.sallejoven.es\/index.php?rest_route=\/wp\/v2\/users\/21"}],"replies":[{"embeddable":true,"href":"https:\/\/www.sallejoven.es\/index.php?rest_route=%2Fwp%2Fv2%2Fcomments&post=2875"}],"version-history":[{"count":6,"href":"https:\/\/www.sallejoven.es\/index.php?rest_route=\/wp\/v2\/posts\/2875\/revisions"}],"predecessor-version":[{"id":2885,"href":"https:\/\/www.sallejoven.es\/index.php?rest_route=\/wp\/v2\/posts\/2875\/revisions\/2885"}],"wp:featuredmedia":[{"embeddable":true,"href":"https:\/\/www.sallejoven.es\/index.php?rest_route=\/wp\/v2\/media\/2878"}],"wp:attachment":[{"href":"https:\/\/www.sallejoven.es\/index.php?rest_route=%2Fwp%2Fv2%2Fmedia&parent=2875"}],"wp:term":[{"taxonomy":"category","embeddable":true,"href":"https:\/\/www.sallejoven.es\/index.php?rest_route=%2Fwp%2Fv2%2Fcategories&post=2875"},{"taxonomy":"post_tag","embeddable":true,"href":"https:\/\/www.sallejoven.es\/index.php?rest_route=%2Fwp%2Fv2%2Ftags&post=2875"}],"curies":[{"name":"wp","href":"https:\/\/api.w.org\/{rel}","templated":true}]}}