{"id":284,"date":"2015-04-11T17:26:26","date_gmt":"2015-04-11T17:26:26","guid":{"rendered":"https:\/\/www.sallejoven.es\/?p=284"},"modified":"2015-04-11T17:29:03","modified_gmt":"2015-04-11T17:29:03","slug":"pasqua-a-la-salle-catalunya","status":"publish","type":"post","link":"https:\/\/www.sallejoven.es\/?p=284","title":{"rendered":"Pasqua a La Salle Catalunya"},"content":{"rendered":"<p>Despr\u00e9s de les pre-Pasq\u00fces amb els nivells groc, blau i vermell, va ser el torn dels m\u00e9s grans. El nivell verd va repetir la seva experi\u00e8ncia a Taiz\u00e9 (Fran\u00e7a), del dimarts 31 de mar\u00e7 al 5 d&#8217;abril. El nivell marr\u00f3, caps i monitors, v\u00e0ren fer via cap a Les Avellanes per celebrar la Pasqua conjuntament amb els maristes. El Casal de Sant Mart\u00ed de Sesgueioles no va quedar buit, com cada any, va acollir la Pasqua en fam\u00edlia.<\/p>\n<p><img decoding=\"async\" class=\"aligncenter\" id=\"innercomp_txtMedia6t1imgimage\" style=\"font-style: italic; font-size: 12px;\" alt=\"\" src=\"http:\/\/static.wixstatic.com\/media\/b0ef07_91bb7372e7474b87bdb6132b6df46819.jpg_srb_p_630_355_75_22_0.50_1.20_0.00_jpg_srb\" data-reactid=\".4.0.0.0\" \/><\/p>\n<p>&nbsp;<\/p>\n<div id=\"innerContainer_txtMedia6cy\">\n<div id=\"innercomp_txtMedia6cy\" title=\"Pasqua Avellanes (2).jpg\" data-exact-height=\"472.5\" data-content-padding-horizontal=\"0\" data-content-padding-vertical=\"0\" data-state=\"noTouch\" data-reactid=\".5\" data-react-checksum=\"-518769874\">\n<div id=\"innercomp_txtMedia6cylink\" data-reactid=\".5.0\">\n<div id=\"innercomp_txtMedia6cyimg\" data-state=\"loaded\" data-reactid=\".5.0.0\"><img decoding=\"async\" class=\"aligncenter\" id=\"innercomp_txtMedia6cyimgimage\" alt=\"\" src=\"http:\/\/static.wixstatic.com\/media\/b0ef07_d169493eeab3462cb0c77b53d3dff40b.jpg_srb_p_630_473_75_22_0.50_1.20_0.00_jpg_srb\" data-reactid=\".5.0.0.0\" \/><\/div>\n<\/div>\n<\/div>\n<\/div>\n<p>&nbsp;<\/p>\n<div id=\"innerContainer_txtMedia454\">\n<div id=\"innercomp_txtMedia454\" title=\"Pasqua_en_fam\u00edlia.JPG\" data-exact-height=\"420\" data-content-padding-horizontal=\"0\" data-content-padding-vertical=\"0\" data-state=\"noTouch\" data-reactid=\".6\" data-react-checksum=\"1590702240\">\n<div id=\"innercomp_txtMedia454link\" data-reactid=\".6.0\">\n<div id=\"innercomp_txtMedia454img\" data-state=\"loaded\" data-reactid=\".6.0.0\"><img decoding=\"async\" class=\"aligncenter\" id=\"innercomp_txtMedia454imgimage\" alt=\"\" src=\"http:\/\/static.wixstatic.com\/media\/b0ef07_93c4e12f847c43e9bd7c90fa604b4c44.jpg_srb_p_630_420_75_22_0.50_1.20_0.00_jpg_srb\" data-reactid=\".6.0.0.0\" \/><\/div>\n<\/div>\n<\/div>\n<\/div>\n<p>&nbsp;<\/p>\n<p>Per veure m\u00e9s fotos:\u00a0<a href=\"http:\/\/joves5.wix.com\/joveslasallecat#!album-pasqua-jove\/c1pg2\" target=\"_self\">\u00e0lbum Pasqua Jove<\/a><\/p>\n","protected":false},"excerpt":{"rendered":"<p>Despr\u00e9s de les pre-Pasq\u00fces amb els nivells groc, blau i vermell, va ser el torn dels m\u00e9s grans. El nivell verd va repetir la seva experi\u00e8ncia a Taiz\u00e9 (Fran\u00e7a), del dimarts 31 de mar\u00e7 al 5 d&#8217;abril. El nivell marr\u00f3, caps i monitors, v\u00e0ren fer via cap a Les Avellanes&#8230;<\/p>\n<p> <a class=\"continue-reading-link\" href=\"https:\/\/www.sallejoven.es\/?p=284\"><span>Leer m\u00e1s<\/span><i class=\"crycon-right-dir\"><\/i><\/a> <\/p>\n","protected":false},"author":1,"featured_media":287,"comment_status":"open","ping_status":"open","sticky":false,"template":"","format":"standard","meta":{"footnotes":""},"categories":[7,1],"tags":[],"class_list":["post-284","post","type-post","status-publish","format-standard","has-post-thumbnail","hentry","category-noticias-catalunya","category-uncategorized"],"_links":{"self":[{"href":"https:\/\/www.sallejoven.es\/index.php?rest_route=\/wp\/v2\/posts\/284","targetHints":{"allow":["GET"]}}],"collection":[{"href":"https:\/\/www.sallejoven.es\/index.php?rest_route=\/wp\/v2\/posts"}],"about":[{"href":"https:\/\/www.sallejoven.es\/index.php?rest_route=\/wp\/v2\/types\/post"}],"author":[{"embeddable":true,"href":"https:\/\/www.sallejoven.es\/index.php?rest_route=\/wp\/v2\/users\/1"}],"replies":[{"embeddable":true,"href":"https:\/\/www.sallejoven.es\/index.php?rest_route=%2Fwp%2Fv2%2Fcomments&post=284"}],"version-history":[{"count":4,"href":"https:\/\/www.sallejoven.es\/index.php?rest_route=\/wp\/v2\/posts\/284\/revisions"}],"predecessor-version":[{"id":289,"href":"https:\/\/www.sallejoven.es\/index.php?rest_route=\/wp\/v2\/posts\/284\/revisions\/289"}],"wp:featuredmedia":[{"embeddable":true,"href":"https:\/\/www.sallejoven.es\/index.php?rest_route=\/wp\/v2\/media\/287"}],"wp:attachment":[{"href":"https:\/\/www.sallejoven.es\/index.php?rest_route=%2Fwp%2Fv2%2Fmedia&parent=284"}],"wp:term":[{"taxonomy":"category","embeddable":true,"href":"https:\/\/www.sallejoven.es\/index.php?rest_route=%2Fwp%2Fv2%2Fcategories&post=284"},{"taxonomy":"post_tag","embeddable":true,"href":"https:\/\/www.sallejoven.es\/index.php?rest_route=%2Fwp%2Fv2%2Ftags&post=284"}],"curies":[{"name":"wp","href":"https:\/\/api.w.org\/{rel}","templated":true}]}}