{"id":2831,"date":"2019-12-03T22:06:28","date_gmt":"2019-12-03T22:06:28","guid":{"rendered":"https:\/\/www.sallejoven.es\/?p=2831"},"modified":"2019-12-03T22:06:28","modified_gmt":"2019-12-03T22:06:28","slug":"joves-la-salle-reuna-su-junta-directiva","status":"publish","type":"post","link":"https:\/\/www.sallejoven.es\/?p=2831","title":{"rendered":"Joves La Salle reuna su Junta Directiva"},"content":{"rendered":"\n<p>El pasado domingo, 17 de noviembre, La Salle Torreforta acogi\u00f3 la Asamblea de Secretariado de Joves La Salle. <\/p>\n\n\n\n<p>Una cita que cont\u00f3 con la participaci\u00f3n de 65 j\u00f3venes de 8 grupos diferentes de La Salle Catalunya.<\/p>\n\n\n\n<p>Durante la asamblea, a parte de tratar diversos aspectos relevantes de este curso, se renov\u00f3 la Junta as\u00ed como la Presidenta.<\/p>\n\n\n\n<p>En este caso, la nueva Junta Directiva est\u00e1 representada por: Judit Mart\u00edn, presidenta; Estel Mingo, secretaria; Eva Peregrina, tesorera; S\u00edlvia Sol\u00e9, vocal 1; i Andrea Gut\u00ederrez, vocal 2.<\/p>\n","protected":false},"excerpt":{"rendered":"<p>El pasado domingo, 17 de noviembre, La Salle Torreforta acogi\u00f3 la Asamblea de Secretariado de Joves La Salle. Una cita que cont\u00f3 con la participaci\u00f3n de 65 j\u00f3venes de 8 grupos diferentes de La Salle Catalunya. Durante la asamblea, a parte de tratar diversos aspectos relevantes de este curso, se&#8230;<\/p>\n<p> <a class=\"continue-reading-link\" href=\"https:\/\/www.sallejoven.es\/?p=2831\"><span>Leer m\u00e1s<\/span><i class=\"crycon-right-dir\"><\/i><\/a> <\/p>\n","protected":false},"author":5,"featured_media":2832,"comment_status":"open","ping_status":"open","sticky":false,"template":"","format":"standard","meta":{"footnotes":""},"categories":[7],"tags":[],"class_list":["post-2831","post","type-post","status-publish","format-standard","has-post-thumbnail","hentry","category-noticias-catalunya"],"_links":{"self":[{"href":"https:\/\/www.sallejoven.es\/index.php?rest_route=\/wp\/v2\/posts\/2831","targetHints":{"allow":["GET"]}}],"collection":[{"href":"https:\/\/www.sallejoven.es\/index.php?rest_route=\/wp\/v2\/posts"}],"about":[{"href":"https:\/\/www.sallejoven.es\/index.php?rest_route=\/wp\/v2\/types\/post"}],"author":[{"embeddable":true,"href":"https:\/\/www.sallejoven.es\/index.php?rest_route=\/wp\/v2\/users\/5"}],"replies":[{"embeddable":true,"href":"https:\/\/www.sallejoven.es\/index.php?rest_route=%2Fwp%2Fv2%2Fcomments&post=2831"}],"version-history":[{"count":1,"href":"https:\/\/www.sallejoven.es\/index.php?rest_route=\/wp\/v2\/posts\/2831\/revisions"}],"predecessor-version":[{"id":2833,"href":"https:\/\/www.sallejoven.es\/index.php?rest_route=\/wp\/v2\/posts\/2831\/revisions\/2833"}],"wp:featuredmedia":[{"embeddable":true,"href":"https:\/\/www.sallejoven.es\/index.php?rest_route=\/wp\/v2\/media\/2832"}],"wp:attachment":[{"href":"https:\/\/www.sallejoven.es\/index.php?rest_route=%2Fwp%2Fv2%2Fmedia&parent=2831"}],"wp:term":[{"taxonomy":"category","embeddable":true,"href":"https:\/\/www.sallejoven.es\/index.php?rest_route=%2Fwp%2Fv2%2Fcategories&post=2831"},{"taxonomy":"post_tag","embeddable":true,"href":"https:\/\/www.sallejoven.es\/index.php?rest_route=%2Fwp%2Fv2%2Ftags&post=2831"}],"curies":[{"name":"wp","href":"https:\/\/api.w.org\/{rel}","templated":true}]}}