{"id":2681,"date":"2019-07-22T07:32:20","date_gmt":"2019-07-22T07:32:20","guid":{"rendered":"https:\/\/www.sallejoven.es\/?p=2681"},"modified":"2019-09-03T09:56:19","modified_gmt":"2019-09-03T09:56:19","slug":"campamentos-sallejoven-madrid","status":"publish","type":"post","link":"https:\/\/www.sallejoven.es\/?p=2681","title":{"rendered":"Campamentos SalleJoven Madrid"},"content":{"rendered":"\n<p>Entre los d\u00edas 6 a 14 de julio tuvo lugar en el Albergue de Alarc\u00f3n, Cuenca, los Campamentos de Grupos Cristianos &#8211; SalleJoven del Sector Madrid. Bajo la tem\u00e1tica #SalleJovenMusicCamp y #SalleJovenGriegos, 160 ni\u00f1os y ni\u00f1as de las etapas Nazareth y Genesareth se reunieron para compartir este tiempo de verano. <\/p>\n\n\n\n<div class=\"wp-block-image\"><figure class=\"aligncenter\"><img loading=\"lazy\" decoding=\"async\" width=\"1024\" height=\"768\" src=\"https:\/\/www.sallejoven.es\/wp-content\/uploads\/2019\/07\/IMG_0546-1024x768.jpg\" alt=\"\" class=\"wp-image-2682\" srcset=\"https:\/\/www.sallejoven.es\/wp-content\/uploads\/2019\/07\/IMG_0546-1024x768.jpg 1024w, https:\/\/www.sallejoven.es\/wp-content\/uploads\/2019\/07\/IMG_0546-550x413.jpg 550w, https:\/\/www.sallejoven.es\/wp-content\/uploads\/2019\/07\/IMG_0546-768x576.jpg 768w, https:\/\/www.sallejoven.es\/wp-content\/uploads\/2019\/07\/IMG_0546-150x113.jpg 150w\" sizes=\"auto, (max-width: 1024px) 100vw, 1024px\" \/><\/figure><\/div>\n\n\n\n<p>El Campamento #SalleJovenMusicCamp busc\u00f3 a lo largo de las din\u00e1micas, gymkhanas y veladas qu\u00e9 grupo musical se alzar\u00eda con el t\u00edtulo este a\u00f1o. As\u00ed, con mucha determinaci\u00f3n y esfuerzo, el grupo de M\u00fasica Cl\u00e1sica logr\u00f3 alcanzar la victoria despu\u00e9s de 8 d\u00edas de intensa actividad, compartiendo con los amigos y amigas los buenos momentos vividos. <\/p>\n\n\n\n<p>En el Campamento #SalleJovenGriegos, el t\u00edtulo se disput\u00f3 hasta el \u00faltimo d\u00eda. Las Escuelas de Hera y Apolo tuvieron que dar lo mejor de s\u00ed para descubrir cu\u00e1l conseguir\u00eda la categor\u00eda de Dios. La Escuela de Hera, despu\u00e9s de mostrar sus conocimientos sobre el mundo cl\u00e1sico, logr\u00f3 alzarse con la victoria. <\/p>\n\n\n\n<p>Con todo, 8 d\u00edas en los que todos los ni\u00f1os y ni\u00f1as han podido disfrutar de grandes momentos de juegos, din\u00e1micas, veladas y catequesis que les han ayudado a generar grandes v\u00ednculos con sus amigos y amigas. Sin lugar a duda, una experiencia que quedar\u00e1 marcada para el resto de su vida. <\/p>\n","protected":false},"excerpt":{"rendered":"<p>Entre los d\u00edas 6 a 14 de julio tuvo lugar en el Albergue de Alarc\u00f3n, Cuenca, los Campamentos de Grupos Cristianos &#8211; SalleJoven del Sector Madrid. Bajo la tem\u00e1tica #SalleJovenMusicCamp y #SalleJovenGriegos, 160 ni\u00f1os y ni\u00f1as de las etapas Nazareth y Genesareth se reunieron para compartir este tiempo de verano&#8230;.<\/p>\n<p> <a class=\"continue-reading-link\" href=\"https:\/\/www.sallejoven.es\/?p=2681\"><span>Leer m\u00e1s<\/span><i class=\"crycon-right-dir\"><\/i><\/a> <\/p>\n","protected":false},"author":23,"featured_media":2682,"comment_status":"open","ping_status":"open","sticky":false,"template":"","format":"standard","meta":{"footnotes":""},"categories":[8,179,1],"tags":[],"class_list":["post-2681","post","type-post","status-publish","format-standard","has-post-thumbnail","hentry","category-noticias-madrid","category-sallejoven","category-uncategorized"],"_links":{"self":[{"href":"https:\/\/www.sallejoven.es\/index.php?rest_route=\/wp\/v2\/posts\/2681","targetHints":{"allow":["GET"]}}],"collection":[{"href":"https:\/\/www.sallejoven.es\/index.php?rest_route=\/wp\/v2\/posts"}],"about":[{"href":"https:\/\/www.sallejoven.es\/index.php?rest_route=\/wp\/v2\/types\/post"}],"author":[{"embeddable":true,"href":"https:\/\/www.sallejoven.es\/index.php?rest_route=\/wp\/v2\/users\/23"}],"replies":[{"embeddable":true,"href":"https:\/\/www.sallejoven.es\/index.php?rest_route=%2Fwp%2Fv2%2Fcomments&post=2681"}],"version-history":[{"count":1,"href":"https:\/\/www.sallejoven.es\/index.php?rest_route=\/wp\/v2\/posts\/2681\/revisions"}],"predecessor-version":[{"id":2683,"href":"https:\/\/www.sallejoven.es\/index.php?rest_route=\/wp\/v2\/posts\/2681\/revisions\/2683"}],"wp:featuredmedia":[{"embeddable":true,"href":"https:\/\/www.sallejoven.es\/index.php?rest_route=\/wp\/v2\/media\/2682"}],"wp:attachment":[{"href":"https:\/\/www.sallejoven.es\/index.php?rest_route=%2Fwp%2Fv2%2Fmedia&parent=2681"}],"wp:term":[{"taxonomy":"category","embeddable":true,"href":"https:\/\/www.sallejoven.es\/index.php?rest_route=%2Fwp%2Fv2%2Fcategories&post=2681"},{"taxonomy":"post_tag","embeddable":true,"href":"https:\/\/www.sallejoven.es\/index.php?rest_route=%2Fwp%2Fv2%2Ftags&post=2681"}],"curies":[{"name":"wp","href":"https:\/\/api.w.org\/{rel}","templated":true}]}}