{"id":2678,"date":"2019-07-14T10:50:48","date_gmt":"2019-07-14T10:50:48","guid":{"rendered":"https:\/\/www.sallejoven.es\/?p=2678"},"modified":"2019-07-14T10:50:48","modified_gmt":"2019-07-14T10:50:48","slug":"la-estrella-de-los-jovenes-lasalianos-de-andalucia","status":"publish","type":"post","link":"https:\/\/www.sallejoven.es\/?p=2678","title":{"rendered":"La Estrella de los J\u00f3venes Lasalianos de Andaluc\u00eda"},"content":{"rendered":"\n<p>El pasado 1 de junio, en La Salle Virlecha (Antequera) se realiz\u00f3 la Fiesta Joven #300LaSAlle, una jornada organizada por y para los j\u00f3venes lasalianos de Andaluc\u00eda y Melilla: grupos Salle Joven, Scouts, Hermandades, obras socioeducativas&#8230; <\/p>\n\n\n\n<p>Una oportunidad donde pudieron convivir y conocer a otros j\u00f3venes, un espacio para divertirse dede la Fe, el Servicio y la Comunidad y celebrar el tricentenario de la Pascua de nuestro fundador. <\/p>\n\n\n\n<p>Os dejamos un resumen del paso de la Estrella de los j\u00f3venes Lasalianos de Andaluc\u00eda con motivo del tricentenario de la muerte de San Juan Bautista De La Salle.<\/p>\n\n\n\n<figure><iframe loading=\"lazy\" width=\"800\" height=\"515\" src=\"https:\/\/www.youtube-nocookie.com\/embed\/CyKBfB2FhM0\" allowfullscreen=\"\"><\/iframe><\/figure>\n","protected":false},"excerpt":{"rendered":"<p>El pasado 1 de junio, en La Salle Virlecha (Antequera) se realiz\u00f3 la Fiesta Joven #300LaSAlle, una jornada organizada por y para los j\u00f3venes lasalianos de Andaluc\u00eda y Melilla: grupos Salle Joven, Scouts, Hermandades, obras socioeducativas&#8230; Una oportunidad donde pudieron convivir y conocer a otros j\u00f3venes, un espacio para divertirse&#8230;<\/p>\n<p> <a class=\"continue-reading-link\" href=\"https:\/\/www.sallejoven.es\/?p=2678\"><span>Leer m\u00e1s<\/span><i class=\"crycon-right-dir\"><\/i><\/a> <\/p>\n","protected":false},"author":5,"featured_media":2679,"comment_status":"open","ping_status":"open","sticky":false,"template":"","format":"standard","meta":{"footnotes":""},"categories":[5],"tags":[],"class_list":["post-2678","post","type-post","status-publish","format-standard","has-post-thumbnail","hentry","category-noticias-andalucia"],"_links":{"self":[{"href":"https:\/\/www.sallejoven.es\/index.php?rest_route=\/wp\/v2\/posts\/2678","targetHints":{"allow":["GET"]}}],"collection":[{"href":"https:\/\/www.sallejoven.es\/index.php?rest_route=\/wp\/v2\/posts"}],"about":[{"href":"https:\/\/www.sallejoven.es\/index.php?rest_route=\/wp\/v2\/types\/post"}],"author":[{"embeddable":true,"href":"https:\/\/www.sallejoven.es\/index.php?rest_route=\/wp\/v2\/users\/5"}],"replies":[{"embeddable":true,"href":"https:\/\/www.sallejoven.es\/index.php?rest_route=%2Fwp%2Fv2%2Fcomments&post=2678"}],"version-history":[{"count":1,"href":"https:\/\/www.sallejoven.es\/index.php?rest_route=\/wp\/v2\/posts\/2678\/revisions"}],"predecessor-version":[{"id":2680,"href":"https:\/\/www.sallejoven.es\/index.php?rest_route=\/wp\/v2\/posts\/2678\/revisions\/2680"}],"wp:featuredmedia":[{"embeddable":true,"href":"https:\/\/www.sallejoven.es\/index.php?rest_route=\/wp\/v2\/media\/2679"}],"wp:attachment":[{"href":"https:\/\/www.sallejoven.es\/index.php?rest_route=%2Fwp%2Fv2%2Fmedia&parent=2678"}],"wp:term":[{"taxonomy":"category","embeddable":true,"href":"https:\/\/www.sallejoven.es\/index.php?rest_route=%2Fwp%2Fv2%2Fcategories&post=2678"},{"taxonomy":"post_tag","embeddable":true,"href":"https:\/\/www.sallejoven.es\/index.php?rest_route=%2Fwp%2Fv2%2Ftags&post=2678"}],"curies":[{"name":"wp","href":"https:\/\/api.w.org\/{rel}","templated":true}]}}