{"id":2556,"date":"2018-12-19T18:18:30","date_gmt":"2018-12-19T18:18:30","guid":{"rendered":"https:\/\/www.sallejoven.es\/?p=2556"},"modified":"2018-12-19T18:18:30","modified_gmt":"2018-12-19T18:18:30","slug":"encuentro-nazaret-de-sallejoven-andalucia","status":"publish","type":"post","link":"https:\/\/www.sallejoven.es\/?p=2556","title":{"rendered":"Encuentro Nazaret de SalleJoven Andaluc\u00eda"},"content":{"rendered":"<p><img loading=\"lazy\" decoding=\"async\" class=\"size-medium wp-image-2560 alignright\" src=\"https:\/\/www.sallejoven.es\/wp-content\/uploads\/2018\/12\/MAR\u00cdA-0-550x309.jpg\" alt=\"\" width=\"550\" height=\"309\" srcset=\"https:\/\/www.sallejoven.es\/wp-content\/uploads\/2018\/12\/MAR\u00cdA-0-550x309.jpg 550w, https:\/\/www.sallejoven.es\/wp-content\/uploads\/2018\/12\/MAR\u00cdA-0-768x432.jpg 768w, https:\/\/www.sallejoven.es\/wp-content\/uploads\/2018\/12\/MAR\u00cdA-0-1024x576.jpg 1024w, https:\/\/www.sallejoven.es\/wp-content\/uploads\/2018\/12\/MAR\u00cdA-0-150x84.jpg 150w, https:\/\/www.sallejoven.es\/wp-content\/uploads\/2018\/12\/MAR\u00cdA-0.jpg 1827w\" sizes=\"auto, (max-width: 550px) 100vw, 550px\" \/>En la ciudad de C\u00e1diz, m\u00e1s de 200 ni\u00f1os y ni\u00f1as de los grupos de 5\u00ba y 6\u00ba de primaria, Etapa Nazaret de SalleJoven, de toda Andaluc\u00eda se reunieron el s\u00e1bado 1 de diciembre con una misi\u00f3n:\u00a0<b>Rescatar las figuras del Bel\u00e9n<\/b>,<b>\u00a0<\/b>que se hab\u00edan perdido por toda la ciudad.<\/p>\n<div>Con un mapa, acompa\u00f1ados por varios catequistas y con muchas ganas e ilusi\u00f3n, pasaron toda la ma\u00f1ana buscando y buscando las figuritas. Descubrieron que era muy dif\u00edcil encontrarlas f\u00edsicamente&#8230; No pudieron encontrar a Mar\u00eda, pero s\u00ed encontraron en las calles lo que Ella representa:\u00a0<b>la confianza<\/b>. A los Reyes Magos, tampoco los encontraron, pero s\u00ed\u00a0<b>descubrieron la universalidad y miltuculturalidad<\/b>. Tampoco vieron a los pastores, pero s\u00ed\u00a0<b>la humildad<\/b>.<\/div>\n<div><\/div>\n<div>No encontraron a una mula y a un buey, pero s\u00ed\u00a0<b>la naturaleza y la creaci\u00f3n\u00a0<\/b>que estos representan. Al final, encontraron en la calle y en ellos mismos el significado de todas las figuritas. \u00a1Y les qued\u00f3 un Bel\u00e9n de lo m\u00e1s original! Hecho de sus propias fotos expuestas, y que vosotros pod\u00e9is ver en este enlace:\u00a0<a href=\"https:\/\/padlet.com\/sallejoven\/nazaret\" target=\"_blank\" rel=\"noopener\" data-saferedirecturl=\"https:\/\/www.google.com\/url?q=https:\/\/padlet.com\/sallejoven\/nazaret&amp;source=gmail&amp;ust=1545328972050000&amp;usg=AFQjCNEFWNuBgANcPtPjNy15x8p_0ZhbcQ\">https:\/\/padlet.com\/sallejoven\/<wbr \/>nazaret<\/a><\/div>\n<div>\n<p><img loading=\"lazy\" decoding=\"async\" class=\"size-medium wp-image-2559 alignright\" src=\"https:\/\/www.sallejoven.es\/wp-content\/uploads\/2018\/12\/CREA-550x413.jpg\" alt=\"\" width=\"550\" height=\"413\" srcset=\"https:\/\/www.sallejoven.es\/wp-content\/uploads\/2018\/12\/CREA-550x413.jpg 550w, https:\/\/www.sallejoven.es\/wp-content\/uploads\/2018\/12\/CREA-768x576.jpg 768w, https:\/\/www.sallejoven.es\/wp-content\/uploads\/2018\/12\/CREA-1024x768.jpg 1024w, https:\/\/www.sallejoven.es\/wp-content\/uploads\/2018\/12\/CREA-150x113.jpg 150w, https:\/\/www.sallejoven.es\/wp-content\/uploads\/2018\/12\/CREA.jpg 1917w\" sizes=\"auto, (max-width: 550px) 100vw, 550px\" \/><\/p>\n<div>Pero&#8230; a quien s\u00ed que no encontraron de ninguna de las maneras fue al Ni\u00f1o Jes\u00fas. Pero&#8230; \u00bfc\u00f3mo iban a hacerlo si a\u00fan no ha nacido? \u00a1Claro! si est\u00e1bamos empezando el Adviento!<\/div>\n<p><img loading=\"lazy\" decoding=\"async\" class=\"alignright size-medium wp-image-2558\" src=\"https:\/\/www.sallejoven.es\/wp-content\/uploads\/2018\/12\/Nazaret1-550x413.jpg\" alt=\"\" width=\"550\" height=\"413\" srcset=\"https:\/\/www.sallejoven.es\/wp-content\/uploads\/2018\/12\/Nazaret1-550x413.jpg 550w, https:\/\/www.sallejoven.es\/wp-content\/uploads\/2018\/12\/Nazaret1-768x576.jpg 768w, https:\/\/www.sallejoven.es\/wp-content\/uploads\/2018\/12\/Nazaret1-1024x768.jpg 1024w, https:\/\/www.sallejoven.es\/wp-content\/uploads\/2018\/12\/Nazaret1-150x113.jpg 150w, https:\/\/www.sallejoven.es\/wp-content\/uploads\/2018\/12\/Nazaret1.jpg 1599w\" sizes=\"auto, (max-width: 550px) 100vw, 550px\" \/><\/p>\n<div>Nuestros aventureros, adem\u00e1s demostraron su lado m\u00e1s solidario, colaborando con la Asociaci\u00f3n Calor en la Noche (que trabaja con personas sin hogar), a la que donaron un mont\u00f3n de alimentos para los desayunos que ofrece la asociaci\u00f3n en su local y tambi\u00e9n, algunas prendas de abrigo para estas personas.<\/div>\n<div><\/div>\n<div>Este d\u00eda tan especial acab\u00f3 con una emotiva y animada Eucarist\u00eda, donde las figuras del Bel\u00e9n nos ayudaron a dar gracias por lo vivido y experimentado en este maravilloso d\u00eda de convivencia.<\/div>\n<\/div>\n","protected":false},"excerpt":{"rendered":"<p>En la ciudad de C\u00e1diz, m\u00e1s de 200 ni\u00f1os y ni\u00f1as de los grupos de 5\u00ba y 6\u00ba de primaria, Etapa Nazaret de SalleJoven, de toda Andaluc\u00eda se reunieron el s\u00e1bado 1 de diciembre con una misi\u00f3n:\u00a0Rescatar las figuras del Bel\u00e9n,\u00a0que se hab\u00edan perdido por toda la ciudad. Con un&#8230;<\/p>\n<p> <a class=\"continue-reading-link\" href=\"https:\/\/www.sallejoven.es\/?p=2556\"><span>Leer m\u00e1s<\/span><i class=\"crycon-right-dir\"><\/i><\/a> <\/p>\n","protected":false},"author":19,"featured_media":0,"comment_status":"open","ping_status":"open","sticky":false,"template":"","format":"standard","meta":{"footnotes":""},"categories":[5,179],"tags":[],"class_list":["post-2556","post","type-post","status-publish","format-standard","hentry","category-noticias-andalucia","category-sallejoven"],"_links":{"self":[{"href":"https:\/\/www.sallejoven.es\/index.php?rest_route=\/wp\/v2\/posts\/2556","targetHints":{"allow":["GET"]}}],"collection":[{"href":"https:\/\/www.sallejoven.es\/index.php?rest_route=\/wp\/v2\/posts"}],"about":[{"href":"https:\/\/www.sallejoven.es\/index.php?rest_route=\/wp\/v2\/types\/post"}],"author":[{"embeddable":true,"href":"https:\/\/www.sallejoven.es\/index.php?rest_route=\/wp\/v2\/users\/19"}],"replies":[{"embeddable":true,"href":"https:\/\/www.sallejoven.es\/index.php?rest_route=%2Fwp%2Fv2%2Fcomments&post=2556"}],"version-history":[{"count":2,"href":"https:\/\/www.sallejoven.es\/index.php?rest_route=\/wp\/v2\/posts\/2556\/revisions"}],"predecessor-version":[{"id":2561,"href":"https:\/\/www.sallejoven.es\/index.php?rest_route=\/wp\/v2\/posts\/2556\/revisions\/2561"}],"wp:attachment":[{"href":"https:\/\/www.sallejoven.es\/index.php?rest_route=%2Fwp%2Fv2%2Fmedia&parent=2556"}],"wp:term":[{"taxonomy":"category","embeddable":true,"href":"https:\/\/www.sallejoven.es\/index.php?rest_route=%2Fwp%2Fv2%2Fcategories&post=2556"},{"taxonomy":"post_tag","embeddable":true,"href":"https:\/\/www.sallejoven.es\/index.php?rest_route=%2Fwp%2Fv2%2Ftags&post=2556"}],"curies":[{"name":"wp","href":"https:\/\/api.w.org\/{rel}","templated":true}]}}