{"id":254,"date":"2014-10-18T08:36:00","date_gmt":"2014-10-18T08:36:00","guid":{"rendered":"https:\/\/www.sallejoven.es\/?p=254"},"modified":"2014-10-18T08:36:56","modified_gmt":"2014-10-18T08:36:56","slug":"17a-promocion-del-celas-juvenil","status":"publish","type":"post","link":"https:\/\/www.sallejoven.es\/?p=254","title":{"rendered":"17\u00aa promoci\u00f3n del CELAS Juvenil"},"content":{"rendered":"<p>La<b>\u00a017\u00aa promoci\u00f3n del CELAS Juvenil<\/b>,<b>\u00a0<\/b>compuesta por cuarenta y cuatro participantes de todos los sectores, ha tenido su primer encuentro en La Salle Gri\u00f1\u00f3n. Daba comienzo con la cena del viernes, 26 de septiembre, y ha terminado con la comida del domingo, 28 de septiembre.<img loading=\"lazy\" decoding=\"async\" class=\"alignright\" alt=\"17celas04\" src=\"http:\/\/sallejovenvp.lasalle.es\/web\/wp-content\/uploads\/2014\/10\/17celas04-300x168.jpg\" width=\"300\" height=\"168\" \/><\/p>\n<p>Los componentes de Catalunya y Andaluc\u00eda han estado acompa\u00f1ados por los Delegados de Misi\u00f3n Pastoral de sus sectores: los\u00a0<b>Hermanos Javi N\u00fa\u00f1ez<\/b>\u00a0y\u00a0<b>Miguel \u00c1ngel L\u00f3pez<\/b>, respectivamente.<\/p>\n<p>En la ma\u00f1ana del s\u00e1bado, el\u00a0<b>Hno. Jos\u00e9 \u00c1ngel Arrizabalaga\u00a0<\/b>presentaba el curso y a continuaci\u00f3n daba paso a diferentes sesiones formativas animadas por los\u00a0<b>Hermanos Miguel \u00c1ngel L\u00f3pez<\/b>,\u00a0<b>Nacho Aguilar<\/b>,\u00a0<b>Esteban de Vega<\/b>\u00a0y\u00a0<b>Lidia Rey<\/b>. En este primer encuentro los j\u00f3venes han reflexionado sobre la trama de su existencia, han visto la\u00a0<img loading=\"lazy\" decoding=\"async\" class=\"alignleft\" alt=\"17celas03\" src=\"http:\/\/sallejovenvp.lasalle.es\/web\/wp-content\/uploads\/2014\/10\/17celas03-300x168.jpg\" width=\"300\" height=\"168\" \/>primera parte del itinerario de La Salle, descubriendo o resaltando aspectos que les pueden dar luz sobre sus propios itinerarios, han valorado la importancia de los elementos que dinamizan un proyecto y sus posibles desviaciones, han trabajado en grupo para buscar informaci\u00f3n sobre la Instituci\u00f3n La Salle y el Distrito ARLEP y se han introducido, con mucho agrado, en el tema de una espiritualidad para el camino.<\/p>\n<p>En la noche del s\u00e1bado se presentaron algunas experiencias de voluntariado. Tres participantes de Catalunya:\u00a0<b>Laia Capellas<\/b>,\u00a0<b>Mar\u00eda Capellas<\/b>\u00a0y\u00a0<b>Josu\u00e9 Barba<\/b>, nos hablaron sobre su voluntariado en un campo de trabajo, en Oporto y, a continuaci\u00f3n, dos participantes de Madrid:\u00a0<b>Eva Gauche<\/b>\u00a0y\u00a0<b>Miguel Marcos<\/b>\u00a0compartieron con todos su experiencia en Ben\u00edn.<img loading=\"lazy\" decoding=\"async\" class=\"alignright\" alt=\"17celas02\" src=\"http:\/\/sallejovenvp.lasalle.es\/web\/wp-content\/uploads\/2014\/10\/17celas02-300x168.jpg\" width=\"300\" height=\"168\" \/><\/p>\n<p>El encuentro ha sido intenso y satisfactorio. El viernes se juntaban muchos rostros desconocidos que en un d\u00eda y medio se han ido conociendo, reconociendo y haciendo grupo. A ello han ayudado, adem\u00e1s de la formaci\u00f3n, los momentos compartidos en din\u00e1micas de presentaci\u00f3n, oraci\u00f3n, comidas y buena disposici\u00f3n. Ahora toca poner en pr\u00e1ctica lo aprendido. \u00a1Mucho \u00e1nimo!<\/p>\n","protected":false},"excerpt":{"rendered":"<p>La\u00a017\u00aa promoci\u00f3n del CELAS Juvenil,\u00a0compuesta por cuarenta y cuatro participantes de todos los sectores, ha tenido su primer encuentro en La Salle Gri\u00f1\u00f3n. Daba comienzo con la cena del viernes, 26 de septiembre, y ha terminado con la comida del domingo, 28 de septiembre. Los componentes de Catalunya y Andaluc\u00eda&#8230;<\/p>\n<p> <a class=\"continue-reading-link\" href=\"https:\/\/www.sallejoven.es\/?p=254\"><span>Leer m\u00e1s<\/span><i class=\"crycon-right-dir\"><\/i><\/a> <\/p>\n","protected":false},"author":1,"featured_media":256,"comment_status":"open","ping_status":"open","sticky":false,"template":"","format":"standard","meta":{"footnotes":""},"categories":[4],"tags":[],"class_list":["post-254","post","type-post","status-publish","format-standard","has-post-thumbnail","hentry","category-noticias-de-la-subcomision"],"_links":{"self":[{"href":"https:\/\/www.sallejoven.es\/index.php?rest_route=\/wp\/v2\/posts\/254","targetHints":{"allow":["GET"]}}],"collection":[{"href":"https:\/\/www.sallejoven.es\/index.php?rest_route=\/wp\/v2\/posts"}],"about":[{"href":"https:\/\/www.sallejoven.es\/index.php?rest_route=\/wp\/v2\/types\/post"}],"author":[{"embeddable":true,"href":"https:\/\/www.sallejoven.es\/index.php?rest_route=\/wp\/v2\/users\/1"}],"replies":[{"embeddable":true,"href":"https:\/\/www.sallejoven.es\/index.php?rest_route=%2Fwp%2Fv2%2Fcomments&post=254"}],"version-history":[{"count":1,"href":"https:\/\/www.sallejoven.es\/index.php?rest_route=\/wp\/v2\/posts\/254\/revisions"}],"predecessor-version":[{"id":255,"href":"https:\/\/www.sallejoven.es\/index.php?rest_route=\/wp\/v2\/posts\/254\/revisions\/255"}],"wp:featuredmedia":[{"embeddable":true,"href":"https:\/\/www.sallejoven.es\/index.php?rest_route=\/wp\/v2\/media\/256"}],"wp:attachment":[{"href":"https:\/\/www.sallejoven.es\/index.php?rest_route=%2Fwp%2Fv2%2Fmedia&parent=254"}],"wp:term":[{"taxonomy":"category","embeddable":true,"href":"https:\/\/www.sallejoven.es\/index.php?rest_route=%2Fwp%2Fv2%2Fcategories&post=254"},{"taxonomy":"post_tag","embeddable":true,"href":"https:\/\/www.sallejoven.es\/index.php?rest_route=%2Fwp%2Fv2%2Ftags&post=254"}],"curies":[{"name":"wp","href":"https:\/\/api.w.org\/{rel}","templated":true}]}}