{"id":2285,"date":"2018-09-25T07:21:29","date_gmt":"2018-09-25T07:21:29","guid":{"rendered":"https:\/\/www.sallejoven.es\/?p=2285"},"modified":"2018-09-25T07:49:54","modified_gmt":"2018-09-25T07:49:54","slug":"escuela-de-pastoral-con-jovenes-elige-lo-epj2018","status":"publish","type":"post","link":"https:\/\/www.sallejoven.es\/?p=2285","title":{"rendered":"Escuela de Pastoral con J\u00f3venes: \u00abElige lo +\u00bb #EPJ2018"},"content":{"rendered":"<p><img loading=\"lazy\" decoding=\"async\" class=\"alignright size-medium wp-image-2286\" src=\"https:\/\/www.sallejoven.es\/wp-content\/uploads\/2018\/09\/IMG-20180922-WA0002-550x413.jpg\" alt=\"\" width=\"550\" height=\"413\" srcset=\"https:\/\/www.sallejoven.es\/wp-content\/uploads\/2018\/09\/IMG-20180922-WA0002-550x413.jpg 550w, https:\/\/www.sallejoven.es\/wp-content\/uploads\/2018\/09\/IMG-20180922-WA0002-768x576.jpg 768w, https:\/\/www.sallejoven.es\/wp-content\/uploads\/2018\/09\/IMG-20180922-WA0002-1024x768.jpg 1024w, https:\/\/www.sallejoven.es\/wp-content\/uploads\/2018\/09\/IMG-20180922-WA0002-200x150.jpg 200w, https:\/\/www.sallejoven.es\/wp-content\/uploads\/2018\/09\/IMG-20180922-WA0002-150x113.jpg 150w, https:\/\/www.sallejoven.es\/wp-content\/uploads\/2018\/09\/IMG-20180922-WA0002.jpg 1600w\" sizes=\"auto, (max-width: 550px) 100vw, 550px\" \/>Durante el pasado fin de semana, 22 y 23 de septiembre, m\u00e1s de 40 educadores de SalleJoven de diversos lugares del Distrito participamos en la Escuela de Pastoral con J\u00f3venes 2018, con el lema \u00abElige lo +\u00bb en torno al tema del discernimiento. Esta escuela es una iniciativa de varias congregaciones y movimientos entre los cuales participa activamente La Salle.<\/p>\n<p>Adem\u00e1s, este a\u00f1o tuvimos la suerte de contar con la colaboraci\u00f3n del <a href=\"https:\/\/www.facebook.com\/gentepequenasoy\">Coro \u00abGente Peque\u00f1a\u00bb de La Salle de Jerez de la Frontera<\/a>, que ameniz\u00f3 todos los momentos de la Escuela y, sobre todo, nos ayud\u00f3 en los momentos de oraci\u00f3n y celebraci\u00f3n. Ellos mismos indican \u00abhemos sentido muy cerca el calor y la acogida de los participantes en la #EPJ2018 , y hemos visto c\u00f3mo cantabais con nosotros, ya fueran canciones muy conocidas, de otros m\u00fasicos cristianos, como nuestras peque\u00f1as letras. Y lo importante era que esa banda sonora conjunta invitaba a contextualizar el tema de reflexi\u00f3n y, sobre todo, a la oraci\u00f3n, al encuentro comunitario con el Padre; esa m\u00e1gica sensaci\u00f3n de cerrar los ojos, y sentir la caricia de Dios, que te llama por tu nombre, y que eso mismo lo est\u00e1n experimentando y compartiendo muchos a tu lado, la mayor\u00eda que no sabes ni c\u00f3mo se llama&#8230;\u00bb. Muchas gracias, Javi, Pablo, Mariu, Mar\u00eda, Pilar, Eva, Mar\u00eda Luisa y Silvia.<\/p>\n<p>En la Feria de Experiencias, el Hno. Jorge Sierra nos comparti\u00f3 un relato de Godly Play, la historia sagrada de \u00abLa gran familia\u00bb, exponiendo las bondades del m\u00e9todo y su potencial para la catequesis, la clase de religi\u00f3n y el acercamiento a la Palabra. Adem\u00e1s, los animadores de Santiago de Compostela, de Bilbao, de Ir\u00fan, de Donosti, de Almer\u00eda, de Sevilla, de Chiclana, de Jerez, de Madrid, de Sevilla, de El Puerto de Santa Mar\u00eda, de Arcos de la Frontera y de Sanl\u00facar de Barrameda participaron activamente en todas las din\u00e1micas, siendo incluso entrevistados en v\u00eddeo algunos de ellos.<\/p>\n<p>El <a href=\"http:\/\/escueladepastoral.org\/wp-content\/uploads\/2014\/04\/documento-jovenes-epj2018.pdf\">documento marco<\/a> de las jornadas se puede descargar en la web de la Escuela y los v\u00eddeos de las ponencias y entrevistas est\u00e1n disponibles en su <a href=\"https:\/\/www.youtube.com\/channel\/UCKZNaZ8xn7xy7Kbtxq5Khhw\">canal de YouTube<\/a>.<\/p>\n<p>La EPJ, de nuevo, ha sido una magn\u00edfica oportunidad de reflexionar juntos, de conocer a otros, de abrirse a nuevas experiencias y de seguir avanzando en nuestra labor como educadores y evangelizadores. \u00a1Muchas gracias a todos y nos vemos en la pr\u00f3xima!<\/p>\n<p><iframe loading=\"lazy\" src=\"https:\/\/www.youtube.com\/embed\/zB__LOPGAPA?rel=0\" width=\"560\" height=\"315\" frameborder=\"0\" allowfullscreen=\"allowfullscreen\"><\/iframe><\/p>\n","protected":false},"excerpt":{"rendered":"<p>Durante el pasado fin de semana, 22 y 23 de septiembre, m\u00e1s de 40 educadores de SalleJoven de diversos lugares del Distrito participamos en la Escuela de Pastoral con J\u00f3venes 2018, con el lema \u00abElige lo +\u00bb en torno al tema del discernimiento. Esta escuela es una iniciativa de varias&#8230;<\/p>\n<p> <a class=\"continue-reading-link\" href=\"https:\/\/www.sallejoven.es\/?p=2285\"><span>Leer m\u00e1s<\/span><i class=\"crycon-right-dir\"><\/i><\/a> <\/p>\n","protected":false},"author":19,"featured_media":0,"comment_status":"open","ping_status":"open","sticky":false,"template":"","format":"standard","meta":{"footnotes":""},"categories":[179],"tags":[],"class_list":["post-2285","post","type-post","status-publish","format-standard","hentry","category-sallejoven"],"_links":{"self":[{"href":"https:\/\/www.sallejoven.es\/index.php?rest_route=\/wp\/v2\/posts\/2285","targetHints":{"allow":["GET"]}}],"collection":[{"href":"https:\/\/www.sallejoven.es\/index.php?rest_route=\/wp\/v2\/posts"}],"about":[{"href":"https:\/\/www.sallejoven.es\/index.php?rest_route=\/wp\/v2\/types\/post"}],"author":[{"embeddable":true,"href":"https:\/\/www.sallejoven.es\/index.php?rest_route=\/wp\/v2\/users\/19"}],"replies":[{"embeddable":true,"href":"https:\/\/www.sallejoven.es\/index.php?rest_route=%2Fwp%2Fv2%2Fcomments&post=2285"}],"version-history":[{"count":3,"href":"https:\/\/www.sallejoven.es\/index.php?rest_route=\/wp\/v2\/posts\/2285\/revisions"}],"predecessor-version":[{"id":2289,"href":"https:\/\/www.sallejoven.es\/index.php?rest_route=\/wp\/v2\/posts\/2285\/revisions\/2289"}],"wp:attachment":[{"href":"https:\/\/www.sallejoven.es\/index.php?rest_route=%2Fwp%2Fv2%2Fmedia&parent=2285"}],"wp:term":[{"taxonomy":"category","embeddable":true,"href":"https:\/\/www.sallejoven.es\/index.php?rest_route=%2Fwp%2Fv2%2Fcategories&post=2285"},{"taxonomy":"post_tag","embeddable":true,"href":"https:\/\/www.sallejoven.es\/index.php?rest_route=%2Fwp%2Fv2%2Ftags&post=2285"}],"curies":[{"name":"wp","href":"https:\/\/api.w.org\/{rel}","templated":true}]}}