{"id":22843,"date":"2025-02-20T18:57:40","date_gmt":"2025-02-20T18:57:40","guid":{"rendered":"https:\/\/www.sallejoven.es\/?p=22843"},"modified":"2025-03-05T09:39:49","modified_gmt":"2025-03-05T09:39:49","slug":"pascua-del-desafio-de-jesus-2025-en-bujedo","status":"publish","type":"post","link":"https:\/\/www.sallejoven.es\/?p=22843","title":{"rendered":"Pascua del Desaf\u00edo de Jes\u00fas 2025 en Bujedo"},"content":{"rendered":"\n<figure class=\"wp-block-image size-large is-resized\"><img loading=\"lazy\" decoding=\"async\" width=\"723\" height=\"1024\" src=\"https:\/\/www.sallejoven.es\/wp-content\/uploads\/2025\/02\/2025-CARTEL-PASCUA-BUJEDO_Pagina_2.png-723x1024.jpg\" alt=\"\" class=\"wp-image-22844\" style=\"width:396px;height:auto\" srcset=\"https:\/\/www.sallejoven.es\/wp-content\/uploads\/2025\/02\/2025-CARTEL-PASCUA-BUJEDO_Pagina_2.png-723x1024.jpg 723w, https:\/\/www.sallejoven.es\/wp-content\/uploads\/2025\/02\/2025-CARTEL-PASCUA-BUJEDO_Pagina_2.png-353x500.jpg 353w, https:\/\/www.sallejoven.es\/wp-content\/uploads\/2025\/02\/2025-CARTEL-PASCUA-BUJEDO_Pagina_2.png-768x1088.jpg 768w, https:\/\/www.sallejoven.es\/wp-content\/uploads\/2025\/02\/2025-CARTEL-PASCUA-BUJEDO_Pagina_2.png-1084x1536.jpg 1084w, https:\/\/www.sallejoven.es\/wp-content\/uploads\/2025\/02\/2025-CARTEL-PASCUA-BUJEDO_Pagina_2.png-1445x2048.jpg 1445w, https:\/\/www.sallejoven.es\/wp-content\/uploads\/2025\/02\/2025-CARTEL-PASCUA-BUJEDO_Pagina_2.png-106x150.jpg 106w, https:\/\/www.sallejoven.es\/wp-content\/uploads\/2025\/02\/2025-CARTEL-PASCUA-BUJEDO_Pagina_2.png.jpg 1642w\" sizes=\"auto, (max-width: 723px) 100vw, 723px\" \/><\/figure>\n\n\n\n<h5 class=\"wp-block-heading\">Cuida tu coraz\u00f3n, porque de \u00e9l brota vida (Prov 4, 23)<\/h5>\n\n\n\n<h5 class=\"wp-block-heading has-black-color has-text-color has-link-color has-medium-font-size wp-elements-c76dcf92b86ae6f9cd10450f2a94d865\" style=\"font-style:normal;font-weight:100;text-transform:none\">Te invitamos a vivir unos d\u00edas de encuentro contigo y con Dios en la experiencia de la Pascua. La experiencia de la Pascua puede marcar tu vida, y lo har\u00e1 si vas dispuesto a vivir con intensidad y dejarte tocar por Dios.<br>La Pascua es un momento para darte cuenta de c\u00f3mo va tu experiencia de servicio y de entrega a los dem\u00e1s\u2026 de c\u00f3mo va tu vida. Jes\u00fas quiere encontrarse encontrarse contigo y transformar tu vida. \u00bfTe pondr\u00e1s a tiro?<br>Ser\u00e1 una experiencia inolvidable.<\/h5>\n\n\n\n<h5 class=\"wp-block-heading has-black-color has-text-color has-link-color has-medium-font-size wp-elements-f49354dc5bbe48e21766df5f38744885\" style=\"font-style:normal;font-weight:100;text-transform:none\">Vivir\u00e1s oraciones y celebraciones participativas, catequesis interactivas y montajes audiovisuales. Podr\u00e1s intercambiar experiencias personales en grupos peque\u00f1os, habr\u00e1 tiempo para tu propia reflexi\u00f3n, escuchar\u00e1s el testimonio de personas comprometidas en el seguimiento de Jes\u00fas. Seguro que disfrutar\u00e1s de los ensayos de cantos, conociendo gente en el fregadero o en los tiempos libres por el claustro&#8230;<\/h5>\n\n\n\n<p><strong>Fechas:<\/strong><\/p>\n\n\n\n<p>Comienza el jueves&nbsp;17 de abril a las 13:30 con la comida compartida.<\/p>\n\n\n\n<p>Termina el domingo&nbsp;20 de abril a las 10:00.<\/p>\n\n\n\n<p>\u00daltimo d\u00eda para entregar las inscripciones: <strong>4 de abril<\/strong><\/p>\n\n\n\n<p><strong>Niveles:<\/strong><\/p>\n\n\n\n<p>1\u00ba Nivel: 1\u00ba de Bachillerato<\/p>\n\n\n\n<p>2\u00ba Nivel: 2\u00ba de Bachillerato y universitarios<\/p>\n\n\n\n<p>3\u00ba Nivel: J\u00f3venes y adultos. Familias y ni\u00f1os. <\/p>\n\n\n\n<p><strong>Inscripci\u00f3n: <\/strong><\/p>\n\n\n\n<p>Consulta a tu animador y en la Delegaci\u00f3n de Pastoral de tu Colegio.<\/p>\n\n\n\n<p><strong>Lo que hay que traer:<\/strong><\/p>\n\n\n\n<p>La comida para compartir a mediod\u00eda del Jueves Santo.<\/p>\n\n\n\n<p>Neceser de aseo.<\/p>\n\n\n\n<p>Ropa c\u00f3moda y de abrigo<\/p>\n\n\n\n<p>DNI y tarjeta sanitaria<\/p>\n\n\n\n<iframe loading=\"lazy\" src=\"https:\/\/www.google.com\/maps\/embed?pb=!1m19!1m8!1m3!1d11738.902425035512!2d-3.023983!3d42.6459767!3m2!1i1024!2i768!4f13.1!4m8!3e0!4m0!4m5!1s0xd4f83671effffff%3A0x2b534138e271cdc!2sSanta%20Mar%C3%ADa%20de%20Bujedo%2C%20Calle%20Convento%2C%201%2C%2009293%20Bugedo%2C%20Burgos!3m2!1d42.6459767!2d-3.023983!5e0!3m2!1ses!2ses!4v1573669715699!5m2!1ses!2ses\" width=\"400\" height=\"300\" frameborder=\"0\" style=\"border:0;\" allowfullscreen=\"\"><\/iframe>\n\n\n\n<p><a href=\"https:\/\/bit.ly\/folletopascua25\" data-type=\"link\" data-id=\"https:\/\/bit.ly\/folletopascua25\" target=\"_blank\" rel=\"noreferrer noopener\">Descarga el tr\u00edptico Pascua Bujedo<\/a> <a href=\"https:\/\/bit.ly\/folletopascua25\">https:\/\/bit.ly\/folletopascua25<\/a><\/p>\n\n\n\n<p><a href=\"https:\/\/www.sallejoven.es\/?p=17957\" data-type=\"link\" data-id=\"https:\/\/www.sallejoven.es\/?p=13801\" target=\"_blank\" rel=\"noreferrer noopener\">As\u00ed fue la Pascua de Bujedo 2024<\/a><\/p>\n\n\n\n<p><a href=\"https:\/\/x.com\/search?q=%23PascuaBujedo25\" data-type=\"link\" data-id=\"https:\/\/x.com\/search?q=%23PascuaBujedo25\" target=\"_blank\" rel=\"noreferrer noopener\">#PascuaBujedo25<\/a><\/p>\n\n\n\n<figure class=\"wp-block-image is-resized\"><img decoding=\"async\" src=\"http:\/\/sallejoven.es\/wp-content\/uploads\/2018\/04\/DSC_0787-1024x683.jpg\" alt=\"\" style=\"width:412px;height:275px\"\/><\/figure>\n","protected":false},"excerpt":{"rendered":"<p>Cuida tu coraz\u00f3n, porque de \u00e9l brota vida (Prov 4, 23) Te invitamos a vivir unos d\u00edas de encuentro contigo y con Dios en la experiencia de la Pascua. La experiencia de la Pascua puede marcar tu vida, y lo har\u00e1 si vas dispuesto a vivir con intensidad y dejarte&#8230;<\/p>\n<p> <a class=\"continue-reading-link\" href=\"https:\/\/www.sallejoven.es\/?p=22843\"><span>Leer m\u00e1s<\/span><i class=\"crycon-right-dir\"><\/i><\/a> <\/p>\n","protected":false},"author":21,"featured_media":0,"comment_status":"open","ping_status":"open","sticky":false,"template":"","format":"standard","meta":{"footnotes":""},"categories":[1],"tags":[],"class_list":["post-22843","post","type-post","status-publish","format-standard","hentry","category-uncategorized"],"_links":{"self":[{"href":"https:\/\/www.sallejoven.es\/index.php?rest_route=\/wp\/v2\/posts\/22843","targetHints":{"allow":["GET"]}}],"collection":[{"href":"https:\/\/www.sallejoven.es\/index.php?rest_route=\/wp\/v2\/posts"}],"about":[{"href":"https:\/\/www.sallejoven.es\/index.php?rest_route=\/wp\/v2\/types\/post"}],"author":[{"embeddable":true,"href":"https:\/\/www.sallejoven.es\/index.php?rest_route=\/wp\/v2\/users\/21"}],"replies":[{"embeddable":true,"href":"https:\/\/www.sallejoven.es\/index.php?rest_route=%2Fwp%2Fv2%2Fcomments&post=22843"}],"version-history":[{"count":3,"href":"https:\/\/www.sallejoven.es\/index.php?rest_route=\/wp\/v2\/posts\/22843\/revisions"}],"predecessor-version":[{"id":22877,"href":"https:\/\/www.sallejoven.es\/index.php?rest_route=\/wp\/v2\/posts\/22843\/revisions\/22877"}],"wp:attachment":[{"href":"https:\/\/www.sallejoven.es\/index.php?rest_route=%2Fwp%2Fv2%2Fmedia&parent=22843"}],"wp:term":[{"taxonomy":"category","embeddable":true,"href":"https:\/\/www.sallejoven.es\/index.php?rest_route=%2Fwp%2Fv2%2Fcategories&post=22843"},{"taxonomy":"post_tag","embeddable":true,"href":"https:\/\/www.sallejoven.es\/index.php?rest_route=%2Fwp%2Fv2%2Ftags&post=22843"}],"curies":[{"name":"wp","href":"https:\/\/api.w.org\/{rel}","templated":true}]}}