{"id":22593,"date":"2024-11-29T12:47:37","date_gmt":"2024-11-29T12:47:37","guid":{"rendered":"https:\/\/www.sallejoven.es\/?p=22593"},"modified":"2024-12-01T16:01:07","modified_gmt":"2024-12-01T16:01:07","slug":"eres-luz-lc-1-57-encuentronatus2-en-m_bujedo","status":"publish","type":"post","link":"https:\/\/www.sallejoven.es\/?p=22593","title":{"rendered":"\u00a1Eres Luz! Lc 1, 57 #EncuentroNatus24 en @m_bujedo y @monjasdesuesa"},"content":{"rendered":"\n<figure class=\"wp-block-image size-large\"><img loading=\"lazy\" decoding=\"async\" width=\"724\" height=\"1024\" src=\"https:\/\/www.sallejoven.es\/wp-content\/uploads\/2024\/11\/Imagen-de-WhatsApp-2024-11-22-a-las-14.00.21_e6581a20-724x1024.jpg\" alt=\"\" class=\"wp-image-22594\" srcset=\"https:\/\/www.sallejoven.es\/wp-content\/uploads\/2024\/11\/Imagen-de-WhatsApp-2024-11-22-a-las-14.00.21_e6581a20-724x1024.jpg 724w, https:\/\/www.sallejoven.es\/wp-content\/uploads\/2024\/11\/Imagen-de-WhatsApp-2024-11-22-a-las-14.00.21_e6581a20-354x500.jpg 354w, https:\/\/www.sallejoven.es\/wp-content\/uploads\/2024\/11\/Imagen-de-WhatsApp-2024-11-22-a-las-14.00.21_e6581a20-768x1086.jpg 768w, https:\/\/www.sallejoven.es\/wp-content\/uploads\/2024\/11\/Imagen-de-WhatsApp-2024-11-22-a-las-14.00.21_e6581a20-1086x1536.jpg 1086w, https:\/\/www.sallejoven.es\/wp-content\/uploads\/2024\/11\/Imagen-de-WhatsApp-2024-11-22-a-las-14.00.21_e6581a20-1448x2048.jpg 1448w, https:\/\/www.sallejoven.es\/wp-content\/uploads\/2024\/11\/Imagen-de-WhatsApp-2024-11-22-a-las-14.00.21_e6581a20-106x150.jpg 106w, https:\/\/www.sallejoven.es\/wp-content\/uploads\/2024\/11\/Imagen-de-WhatsApp-2024-11-22-a-las-14.00.21_e6581a20-scaled.jpg 1810w\" sizes=\"auto, (max-width: 724px) 100vw, 724px\" \/><\/figure>\n\n\n\n<p>\u00a1Eres Luz! <\/p>\n\n\n\n<p>Necesitamos muchas veces encontrar una luz, que nos aporten luz entre tanta oscuridad, como en los pueblos de Valencia que a\u00fan no la han recuperado en sus calles. Y, sin embargo, dentro de nosotros brilla la luz, una gran luz interior.<\/p>\n\n\n\n<p>Encuentro de interioridad, espiritualidad, oraci\u00f3n, silencio y Palabra&nbsp;<a href=\"https:\/\/twitter.com\/hashtag\/EncuentroNatus22\" target=\"_blank\" rel=\"noreferrer noopener\">#<\/a><a href=\"https:\/\/twitter.com\/hashtag\/EncuentroNatus24\" target=\"_blank\" rel=\"noreferrer noopener\">EncuentroNatus24<\/a><\/p>\n\n\n\n<p> itinerarios o niveles disponibles:<\/p>\n\n\n\n<ul class=\"wp-block-list\">\n<li><strong>La Estrella. Nivel 1: 2 BACH y Nivel 2: Universidad. Bujedo<\/strong>. Iniciaci\u00f3n en el camino de la interioridad y la oraci\u00f3n a trav\u00e9s de la contemplaci\u00f3n, el silencio, el acercamiento a la Palabra, la naturaleza, el arte, los sentidos y la m\u00fasica.<\/li>\n\n\n\n<li><strong>Nivel<\/strong> <strong>3. Orar como Jes\u00fas en el Padre Nuestro. Bujedo. H. Luismi Sanz<\/strong>. Adultos que quieren vivir una experiencia guiada y de recorrido creativo. Personas con alguna trayectoria en el camino de la oraci\u00f3n que les gustar\u00eda acercarse a la oraci\u00f3n de Jes\u00fas desde el camino personal ya recorrido y la m\u00fasica que algunos han puesto a este camino. Llevar auriculares.<\/li>\n\n\n\n<li><strong>Nivel 4. Tiempo de ser y escuchar. Monasterio de Suesa (Cantabria)<\/strong>. J\u00f3venes que ya han vivido alg\u00fan encuentro Natus y quieren vivir un tiempo reflexivo, de silencio y experiencial,<strong> <\/strong>compartiendo la vida y la oraci\u00f3n en el Monasterio de las Monjas Trinitarias de Suesa. Plazas limitadas en habitaci\u00f3n compartida.<\/li>\n<\/ul>\n\n\n\n<p><strong>FECHAS:<\/strong>&nbsp;27 de diciembre (13:00) a 29 de diciembre (16:00)<br><strong>LUGAR:<\/strong>&nbsp;Monasterio Santa Mar\u00eda de Bujedo (Burgos) y Monasterio de Suesa (Cantabria)<\/p>\n\n\n\n<iframe loading=\"lazy\" src=\"https:\/\/www.google.com\/maps\/embed?pb=!1m19!1m8!1m3!1d11738.902425035512!2d-3.023983!3d42.6459767!3m2!1i1024!2i768!4f13.1!4m8!3e0!4m0!4m5!1s0xd4f83671effffff%3A0x2b534138e271cdc!2sSanta%20Mar%C3%ADa%20de%20Bujedo%2C%20Calle%20Convento%2C%201%2C%2009293%20Bugedo%2C%20Burgos!3m2!1d42.6459767!2d-3.023983!5e0!3m2!1ses!2ses!4v1573669715699!5m2!1ses!2ses\" width=\"400\" height=\"300\" frameborder=\"0\" style=\"border:0;\" allowfullscreen=\"\"><\/iframe>\n\n\n\n<p><strong>INSCRIPCIONES:<\/strong>&nbsp;hasta el viernes, 13 de diciembre.<\/p>\n\n\n\n<p>Consulta en la Delegaci\u00f3n de Pastoral.<\/p>\n\n\n\n<p>Los menores de 18 a\u00f1os deben entregar en Bujedo autorizaci\u00f3n firmada.<\/p>\n\n\n\n<p><strong><strong>Lo que hay que llevar<\/strong><\/strong>: <\/p>\n\n\n\n<ul class=\"wp-block-list\">\n<li>Neceser de aseo.<\/li>\n\n\n\n<li>Ropa c\u00f3moda, calcetines gruesos.<\/li>\n\n\n\n<li>Ropa de abrigo<\/li>\n\n\n\n<li>DNI y tarjeta sanitaria<\/li>\n\n\n\n<li>Se avisar\u00e1 m\u00e1s delante de lo que necesitas para vivir el encuentro<\/li>\n<\/ul>\n\n\n\n<p><strong>Concierto oraci\u00f3n<\/strong><\/p>\n\n\n\n<p>Contaremos con la presencia de <strong>Nuria Montero<\/strong><\/p>\n\n\n\n<p>As\u00ed fue&nbsp;<a href=\"https:\/\/twitter.com\/hashtag\/EncuentroNatus23\" target=\"_blank\" rel=\"noreferrer noopener\">#EncuentroNatus23<\/a>&nbsp;<a href=\"https:\/\/www.sallejoven.es\/?p=13349\" target=\"_blank\" rel=\"noreferrer noopener\">https:\/\/www<\/a><a href=\"https:\/\/www.sallejoven.es\/?p=17485\">https:\/\/www.sallejoven.es\/?p=17485<\/a><\/p>\n\n\n\n<p>PARA CUALQUIER DUDA O ACLARACI\u00d3N PREGUNTAR:<\/p>\n\n\n\n<p>Delegaci\u00f3n Pastoral Sector Valladolid. H. Rafa Palomera:&nbsp;<a href=\"mailto:PASTORALVA@SALLEP.NET\" target=\"_blank\" rel=\"noreferrer noopener\">pastoralva@sallep.net<\/a><\/p>\n\n\n\n<figure class=\"wp-block-image size-large\"><img loading=\"lazy\" decoding=\"async\" width=\"724\" height=\"1024\" src=\"https:\/\/www.sallejoven.es\/wp-content\/uploads\/2024\/11\/Imagen-de-WhatsApp-2024-11-28-a-las-12.10.09_b0083da6-724x1024.jpg\" alt=\"\" class=\"wp-image-22595\" srcset=\"https:\/\/www.sallejoven.es\/wp-content\/uploads\/2024\/11\/Imagen-de-WhatsApp-2024-11-28-a-las-12.10.09_b0083da6-724x1024.jpg 724w, https:\/\/www.sallejoven.es\/wp-content\/uploads\/2024\/11\/Imagen-de-WhatsApp-2024-11-28-a-las-12.10.09_b0083da6-354x500.jpg 354w, https:\/\/www.sallejoven.es\/wp-content\/uploads\/2024\/11\/Imagen-de-WhatsApp-2024-11-28-a-las-12.10.09_b0083da6-768x1086.jpg 768w, https:\/\/www.sallejoven.es\/wp-content\/uploads\/2024\/11\/Imagen-de-WhatsApp-2024-11-28-a-las-12.10.09_b0083da6-1086x1536.jpg 1086w, https:\/\/www.sallejoven.es\/wp-content\/uploads\/2024\/11\/Imagen-de-WhatsApp-2024-11-28-a-las-12.10.09_b0083da6-1448x2048.jpg 1448w, https:\/\/www.sallejoven.es\/wp-content\/uploads\/2024\/11\/Imagen-de-WhatsApp-2024-11-28-a-las-12.10.09_b0083da6-106x150.jpg 106w, https:\/\/www.sallejoven.es\/wp-content\/uploads\/2024\/11\/Imagen-de-WhatsApp-2024-11-28-a-las-12.10.09_b0083da6-scaled.jpg 1810w\" sizes=\"auto, (max-width: 724px) 100vw, 724px\" \/><\/figure>\n","protected":false},"excerpt":{"rendered":"<p>\u00a1Eres Luz! Necesitamos muchas veces encontrar una luz, que nos aporten luz entre tanta oscuridad, como en los pueblos de Valencia que a\u00fan no la han recuperado en sus calles. Y, sin embargo, dentro de nosotros brilla la luz, una gran luz interior. Encuentro de interioridad, espiritualidad, oraci\u00f3n, silencio y&#8230;<\/p>\n<p> <a class=\"continue-reading-link\" href=\"https:\/\/www.sallejoven.es\/?p=22593\"><span>Leer m\u00e1s<\/span><i class=\"crycon-right-dir\"><\/i><\/a> <\/p>\n","protected":false},"author":21,"featured_media":22594,"comment_status":"open","ping_status":"open","sticky":false,"template":"","format":"standard","meta":{"footnotes":""},"categories":[1],"tags":[],"class_list":["post-22593","post","type-post","status-publish","format-standard","has-post-thumbnail","hentry","category-uncategorized"],"_links":{"self":[{"href":"https:\/\/www.sallejoven.es\/index.php?rest_route=\/wp\/v2\/posts\/22593","targetHints":{"allow":["GET"]}}],"collection":[{"href":"https:\/\/www.sallejoven.es\/index.php?rest_route=\/wp\/v2\/posts"}],"about":[{"href":"https:\/\/www.sallejoven.es\/index.php?rest_route=\/wp\/v2\/types\/post"}],"author":[{"embeddable":true,"href":"https:\/\/www.sallejoven.es\/index.php?rest_route=\/wp\/v2\/users\/21"}],"replies":[{"embeddable":true,"href":"https:\/\/www.sallejoven.es\/index.php?rest_route=%2Fwp%2Fv2%2Fcomments&post=22593"}],"version-history":[{"count":5,"href":"https:\/\/www.sallejoven.es\/index.php?rest_route=\/wp\/v2\/posts\/22593\/revisions"}],"predecessor-version":[{"id":22604,"href":"https:\/\/www.sallejoven.es\/index.php?rest_route=\/wp\/v2\/posts\/22593\/revisions\/22604"}],"wp:featuredmedia":[{"embeddable":true,"href":"https:\/\/www.sallejoven.es\/index.php?rest_route=\/wp\/v2\/media\/22594"}],"wp:attachment":[{"href":"https:\/\/www.sallejoven.es\/index.php?rest_route=%2Fwp%2Fv2%2Fmedia&parent=22593"}],"wp:term":[{"taxonomy":"category","embeddable":true,"href":"https:\/\/www.sallejoven.es\/index.php?rest_route=%2Fwp%2Fv2%2Fcategories&post=22593"},{"taxonomy":"post_tag","embeddable":true,"href":"https:\/\/www.sallejoven.es\/index.php?rest_route=%2Fwp%2Fv2%2Ftags&post=22593"}],"curies":[{"name":"wp","href":"https:\/\/api.w.org\/{rel}","templated":true}]}}