{"id":17708,"date":"2024-01-24T10:42:24","date_gmt":"2024-01-24T10:42:24","guid":{"rendered":"https:\/\/www.sallejoven.es\/?p=17708"},"modified":"2024-02-14T07:52:55","modified_gmt":"2024-02-14T07:52:55","slug":"pascua-del-desafio-de-jesus-2024-en-bujedo","status":"publish","type":"post","link":"https:\/\/www.sallejoven.es\/?p=17708","title":{"rendered":"Pascua del Desaf\u00edo de Jes\u00fas 2024 en Bujedo"},"content":{"rendered":"\n<figure class=\"wp-block-image size-large is-resized\"><img loading=\"lazy\" decoding=\"async\" width=\"724\" height=\"1024\" src=\"https:\/\/www.sallejoven.es\/wp-content\/uploads\/2024\/02\/1-724x1024.png\" alt=\"\" class=\"wp-image-17747\" style=\"width:396px;height:auto\" srcset=\"https:\/\/www.sallejoven.es\/wp-content\/uploads\/2024\/02\/1-724x1024.png 724w, https:\/\/www.sallejoven.es\/wp-content\/uploads\/2024\/02\/1-353x500.png 353w, https:\/\/www.sallejoven.es\/wp-content\/uploads\/2024\/02\/1-768x1086.png 768w, https:\/\/www.sallejoven.es\/wp-content\/uploads\/2024\/02\/1-1086x1536.png 1086w, https:\/\/www.sallejoven.es\/wp-content\/uploads\/2024\/02\/1-1448x2048.png 1448w, https:\/\/www.sallejoven.es\/wp-content\/uploads\/2024\/02\/1-106x150.png 106w, https:\/\/www.sallejoven.es\/wp-content\/uploads\/2024\/02\/1.png 1587w\" sizes=\"auto, (max-width: 724px) 100vw, 724px\" \/><\/figure>\n\n\n\n<h5 class=\"wp-block-heading\">Siempre doy gracias a Dios por vosotros. 1 Cor 1, 4<\/h5>\n\n\n\n<h5 class=\"wp-block-heading has-black-color has-text-color has-link-color has-medium-font-size wp-elements-c76dcf92b86ae6f9cd10450f2a94d865\" style=\"font-style:normal;font-weight:100;text-transform:none\">Te invitamos a vivir unos d\u00edas de encuentro contigo y con Dios en la experiencia de la Pascua. La experiencia de la Pascua puede marcar tu vida, y lo har\u00e1 si vas dispuesto a vivir con intensidad y dejarte tocar por Dios.<br>La Pascua es un momento para darte cuenta de c\u00f3mo va tu experiencia de servicio y de entrega a los dem\u00e1s\u2026 de c\u00f3mo va tu vida. Jes\u00fas quiere encontrarse encontrarse contigo y transformar tu vida. \u00bfTe pondr\u00e1s a tiro?<br>Ser\u00e1 una experiencia inolvidable.<\/h5>\n\n\n\n<h5 class=\"wp-block-heading has-black-color has-text-color has-link-color has-medium-font-size wp-elements-f49354dc5bbe48e21766df5f38744885\" style=\"font-style:normal;font-weight:100;text-transform:none\">Vivir\u00e1s oraciones y celebraciones participativas, catequesis interactivas y montajes audiovisuales. Podr\u00e1s intercambiar experiencias personales en grupos peque\u00f1os, habr\u00e1 tiempo para tu propia reflexi\u00f3n, escuchar\u00e1s el testimonio de personas comprometidas en el seguimiento de Jes\u00fas. Seguro que disfrutar\u00e1s de los ensayos de cantos, conociendo gente en el fregadero o en los tiempos libres por el claustro&#8230;<\/h5>\n\n\n\n<p><strong>Fechas:<\/strong><\/p>\n\n\n\n<p>Comienza el jueves&nbsp;28 de marzo a las 13:30 con la comida compartida.<\/p>\n\n\n\n<p>Termina el domingo&nbsp;31 de marzo a las 10:00.<\/p>\n\n\n\n<p>\u00daltimo d\u00eda para entregar las inscripciones: <strong>12 de marzo<\/strong><\/p>\n\n\n\n<p><strong>Niveles:<\/strong><\/p>\n\n\n\n<p>1\u00ba Nivel: 1\u00ba de Bachillerato<\/p>\n\n\n\n<p>2\u00ba Nivel: 2\u00ba de Bachillerato y universitarios<\/p>\n\n\n\n<p>3\u00ba Nivel: J\u00f3venes y adultos. Familias y ni\u00f1os. <\/p>\n\n\n\n<p><strong>Inscripci\u00f3n: <\/strong><\/p>\n\n\n\n<p>Consulta a tu animador y en la Delegaci\u00f3n de Pastoral de tu Colegio.<\/p>\n\n\n\n<p><strong>Lo que hay que traer:<\/strong><\/p>\n\n\n\n<p>La comida para compartir a mediod\u00eda del Jueves Santo.<\/p>\n\n\n\n<p>Neceser de aseo.<\/p>\n\n\n\n<p>Ropa c\u00f3moda y de abrigo<\/p>\n\n\n\n<p>DNI y tarjeta sanitaria<\/p>\n\n\n\n<iframe loading=\"lazy\" src=\"https:\/\/www.google.com\/maps\/embed?pb=!1m19!1m8!1m3!1d11738.902425035512!2d-3.023983!3d42.6459767!3m2!1i1024!2i768!4f13.1!4m8!3e0!4m0!4m5!1s0xd4f83671effffff%3A0x2b534138e271cdc!2sSanta%20Mar%C3%ADa%20de%20Bujedo%2C%20Calle%20Convento%2C%201%2C%2009293%20Bugedo%2C%20Burgos!3m2!1d42.6459767!2d-3.023983!5e0!3m2!1ses!2ses!4v1573669715699!5m2!1ses!2ses\" width=\"400\" height=\"300\" frameborder=\"0\" style=\"border:0;\" allowfullscreen=\"\"><\/iframe>\n\n\n\n<p><a href=\"https:\/\/drive.google.com\/file\/d\/14LNspvDCnOpJDH5rJRMzrGkXjXWoh2ne\/view\" target=\"_blank\" rel=\"noreferrer noopener\">Descarga el tr\u00edptico Pascua Bujedo<\/a> <a href=\"https:\/\/bit.ly\/folletopascua24\">https:\/\/bit.ly\/folletopascua24<\/a><\/p>\n\n\n\n<p><a href=\"https:\/\/www.sallejoven.es\/?p=13801\" data-type=\"link\" data-id=\"https:\/\/www.sallejoven.es\/?p=13801\" target=\"_blank\" rel=\"noreferrer noopener\">As\u00ed fue la Pascua de Bujedo 2023<\/a><\/p>\n\n\n\n<p><a href=\"https:\/\/twitter.com\/search?q=%23PascuaBujedo23\" target=\"_blank\" rel=\"noreferrer noopener\">#PascuaBujedo24<\/a><\/p>\n\n\n\n<figure class=\"wp-block-image is-resized\"><img decoding=\"async\" src=\"http:\/\/sallejoven.es\/wp-content\/uploads\/2018\/04\/DSC_0787-1024x683.jpg\" alt=\"\" style=\"width:412px;height:275px\"\/><\/figure>\n","protected":false},"excerpt":{"rendered":"<p>Siempre doy gracias a Dios por vosotros. 1 Cor 1, 4 Te invitamos a vivir unos d\u00edas de encuentro contigo y con Dios en la experiencia de la Pascua. La experiencia de la Pascua puede marcar tu vida, y lo har\u00e1 si vas dispuesto a vivir con intensidad y dejarte&#8230;<\/p>\n<p> <a class=\"continue-reading-link\" href=\"https:\/\/www.sallejoven.es\/?p=17708\"><span>Leer m\u00e1s<\/span><i class=\"crycon-right-dir\"><\/i><\/a> <\/p>\n","protected":false},"author":21,"featured_media":17747,"comment_status":"open","ping_status":"open","sticky":false,"template":"","format":"standard","meta":{"footnotes":""},"categories":[306,263,318,207,215,262,311,265,10,229,334,246,259,179,219,266,326,1],"tags":[235,182,222,202,19,203],"class_list":["post-17708","post","type-post","status-publish","format-standard","has-post-thumbnail","hentry","category-asturias","category-bujedo","category-castilla","category-centros","category-corrales","category-destacado","category-encuentros","category-galicia","category-noticias-valladolid","category-palencia","category-pascua","category-portada","category-salle-joven","category-sallejoven","category-santander","category-santiago-de-compostela","category-ser","category-uncategorized","tag-bujedo","tag-la-salle","tag-pastoral","tag-salle-joven","tag-sallejoven","tag-sector-valladolid"],"_links":{"self":[{"href":"https:\/\/www.sallejoven.es\/index.php?rest_route=\/wp\/v2\/posts\/17708","targetHints":{"allow":["GET"]}}],"collection":[{"href":"https:\/\/www.sallejoven.es\/index.php?rest_route=\/wp\/v2\/posts"}],"about":[{"href":"https:\/\/www.sallejoven.es\/index.php?rest_route=\/wp\/v2\/types\/post"}],"author":[{"embeddable":true,"href":"https:\/\/www.sallejoven.es\/index.php?rest_route=\/wp\/v2\/users\/21"}],"replies":[{"embeddable":true,"href":"https:\/\/www.sallejoven.es\/index.php?rest_route=%2Fwp%2Fv2%2Fcomments&post=17708"}],"version-history":[{"count":7,"href":"https:\/\/www.sallejoven.es\/index.php?rest_route=\/wp\/v2\/posts\/17708\/revisions"}],"predecessor-version":[{"id":17770,"href":"https:\/\/www.sallejoven.es\/index.php?rest_route=\/wp\/v2\/posts\/17708\/revisions\/17770"}],"wp:featuredmedia":[{"embeddable":true,"href":"https:\/\/www.sallejoven.es\/index.php?rest_route=\/wp\/v2\/media\/17747"}],"wp:attachment":[{"href":"https:\/\/www.sallejoven.es\/index.php?rest_route=%2Fwp%2Fv2%2Fmedia&parent=17708"}],"wp:term":[{"taxonomy":"category","embeddable":true,"href":"https:\/\/www.sallejoven.es\/index.php?rest_route=%2Fwp%2Fv2%2Fcategories&post=17708"},{"taxonomy":"post_tag","embeddable":true,"href":"https:\/\/www.sallejoven.es\/index.php?rest_route=%2Fwp%2Fv2%2Ftags&post=17708"}],"curies":[{"name":"wp","href":"https:\/\/api.w.org\/{rel}","templated":true}]}}