{"id":13547,"date":"2023-03-01T21:48:23","date_gmt":"2023-03-01T21:48:23","guid":{"rendered":"https:\/\/www.sallejoven.es\/?p=13547"},"modified":"2023-03-01T21:51:33","modified_gmt":"2023-03-01T21:51:33","slug":"encuentro-jovenes-universitarios-salle-joven-arlep","status":"publish","type":"post","link":"https:\/\/www.sallejoven.es\/?p=13547","title":{"rendered":"Encuentro j\u00f3venes universitarios Salle Joven Arlep"},"content":{"rendered":"\n<p>Tres a\u00f1os de demora. Este tiempo hubo que esperar para que se celebrara el encuentro de j\u00f3venes universitarios del Distrito Arlep que estaba programado para el curso 2019-2020 y que no se ha producido hasta el \u00faltimo fin de semana de febrero de 2023.&nbsp;<\/p>\n\n\n\n<p>Alrededor de 70 j\u00f3venes procedentes de los sectores de Valladolid, Andaluc\u00eda y Madrid se reunieron en el Colegio La Salle Sagrado Coraz\u00f3n para convivir, rezar, reflexionar y conocer la capital espa\u00f1ola desde una perspectiva diferente.&nbsp;<\/p>\n\n\n\n<p>El grupo de j\u00f3venes Meraki elabor\u00f3 una din\u00e1mica basada en diferentes itinerarios que permiti\u00f3 a los j\u00f3venes conocer la ciudad de Madrid a trav\u00e9s de distintas propuestas: fe, compromiso, servicio, referentes, esperanza\u2026 Los gu\u00edas virtuales lanzaban retos a los participantes para que entraran en di\u00e1logo con las personas de la calle, as\u00ed como para cuestionarse personalmente y en el grupo.&nbsp;<\/p>\n\n\n\n<p>Por la tarde, el recorrido a trav\u00e9s de La Castellana dirigi\u00f3 los pasos, nuevamente, hasta el colegio anfitri\u00f3n, donde compartieron la experiencia que hab\u00eda vivido a lo largo del d\u00eda.&nbsp;<\/p>\n\n\n\n<p>Las noches, dinamizadas por los mismos j\u00f3venes de Valladolid y Andaluc\u00eda, fueron los momentos de distensi\u00f3n que favorecieron el buen ambiente y las ganas por seguir compartiendo tiempos as\u00ed.\u00a0<\/p>\n\n\n\n<p>Para terminar el encuentro, el Hno. Jorge Sierra, fsc present\u00f3 las propuestas \u201cpara tipos como t\u00fa\u201d que la Pastoral del Distrito ha dise\u00f1ado y lanzado a lo largo de este curso.&nbsp;<\/p>\n\n\n\n<p>La invitaci\u00f3n a volvernos a encontrar en la JMJ Lisboa 2023 reson\u00f3 en los corazones de todos, que se apresuraron a confirmar su asistencia y desearse un \u201chasta pronto\u201d.&nbsp;<\/p>\n\n\n\n<figure class=\"wp-block-gallery has-nested-images columns-default is-cropped wp-block-gallery-1 is-layout-flex wp-block-gallery-is-layout-flex\">\n<figure class=\"wp-block-image size-large\"><img loading=\"lazy\" decoding=\"async\" width=\"1024\" height=\"683\" data-id=\"13553\" src=\"https:\/\/www.sallejoven.es\/wp-content\/uploads\/2023\/03\/UNIMAD-86-1024x683.jpg\" alt=\"\" class=\"wp-image-13553\" srcset=\"https:\/\/www.sallejoven.es\/wp-content\/uploads\/2023\/03\/UNIMAD-86-1024x683.jpg 1024w, https:\/\/www.sallejoven.es\/wp-content\/uploads\/2023\/03\/UNIMAD-86-550x367.jpg 550w, https:\/\/www.sallejoven.es\/wp-content\/uploads\/2023\/03\/UNIMAD-86-768x512.jpg 768w, https:\/\/www.sallejoven.es\/wp-content\/uploads\/2023\/03\/UNIMAD-86-1536x1024.jpg 1536w, https:\/\/www.sallejoven.es\/wp-content\/uploads\/2023\/03\/UNIMAD-86-2048x1365.jpg 2048w, https:\/\/www.sallejoven.es\/wp-content\/uploads\/2023\/03\/UNIMAD-86-150x100.jpg 150w\" sizes=\"auto, (max-width: 1024px) 100vw, 1024px\" \/><\/figure>\n\n\n\n<figure class=\"wp-block-image size-large\"><img loading=\"lazy\" decoding=\"async\" width=\"1024\" height=\"683\" data-id=\"13550\" src=\"https:\/\/www.sallejoven.es\/wp-content\/uploads\/2023\/03\/UNIMAD-10-1024x683.jpg\" alt=\"\" class=\"wp-image-13550\" srcset=\"https:\/\/www.sallejoven.es\/wp-content\/uploads\/2023\/03\/UNIMAD-10-1024x683.jpg 1024w, https:\/\/www.sallejoven.es\/wp-content\/uploads\/2023\/03\/UNIMAD-10-550x367.jpg 550w, https:\/\/www.sallejoven.es\/wp-content\/uploads\/2023\/03\/UNIMAD-10-768x512.jpg 768w, https:\/\/www.sallejoven.es\/wp-content\/uploads\/2023\/03\/UNIMAD-10-1536x1024.jpg 1536w, https:\/\/www.sallejoven.es\/wp-content\/uploads\/2023\/03\/UNIMAD-10-2048x1366.jpg 2048w, https:\/\/www.sallejoven.es\/wp-content\/uploads\/2023\/03\/UNIMAD-10-150x100.jpg 150w\" sizes=\"auto, (max-width: 1024px) 100vw, 1024px\" \/><\/figure>\n\n\n\n<figure class=\"wp-block-image size-large\"><img loading=\"lazy\" decoding=\"async\" width=\"1024\" height=\"683\" data-id=\"13551\" src=\"https:\/\/www.sallejoven.es\/wp-content\/uploads\/2023\/03\/UNIMAD-31-1024x683.jpg\" alt=\"\" class=\"wp-image-13551\" srcset=\"https:\/\/www.sallejoven.es\/wp-content\/uploads\/2023\/03\/UNIMAD-31-1024x683.jpg 1024w, https:\/\/www.sallejoven.es\/wp-content\/uploads\/2023\/03\/UNIMAD-31-550x367.jpg 550w, https:\/\/www.sallejoven.es\/wp-content\/uploads\/2023\/03\/UNIMAD-31-768x512.jpg 768w, https:\/\/www.sallejoven.es\/wp-content\/uploads\/2023\/03\/UNIMAD-31-1536x1024.jpg 1536w, https:\/\/www.sallejoven.es\/wp-content\/uploads\/2023\/03\/UNIMAD-31-2048x1365.jpg 2048w, https:\/\/www.sallejoven.es\/wp-content\/uploads\/2023\/03\/UNIMAD-31-150x100.jpg 150w\" sizes=\"auto, (max-width: 1024px) 100vw, 1024px\" \/><\/figure>\n\n\n\n<figure class=\"wp-block-image size-large\"><img loading=\"lazy\" decoding=\"async\" width=\"1024\" height=\"683\" data-id=\"13549\" src=\"https:\/\/www.sallejoven.es\/wp-content\/uploads\/2023\/03\/UNIMAD-52-1024x683.jpg\" alt=\"\" class=\"wp-image-13549\" srcset=\"https:\/\/www.sallejoven.es\/wp-content\/uploads\/2023\/03\/UNIMAD-52-1024x683.jpg 1024w, https:\/\/www.sallejoven.es\/wp-content\/uploads\/2023\/03\/UNIMAD-52-550x367.jpg 550w, https:\/\/www.sallejoven.es\/wp-content\/uploads\/2023\/03\/UNIMAD-52-768x512.jpg 768w, https:\/\/www.sallejoven.es\/wp-content\/uploads\/2023\/03\/UNIMAD-52-1536x1024.jpg 1536w, https:\/\/www.sallejoven.es\/wp-content\/uploads\/2023\/03\/UNIMAD-52-2048x1365.jpg 2048w, https:\/\/www.sallejoven.es\/wp-content\/uploads\/2023\/03\/UNIMAD-52-150x100.jpg 150w\" sizes=\"auto, (max-width: 1024px) 100vw, 1024px\" \/><\/figure>\n\n\n\n<figure class=\"wp-block-image size-large\"><img loading=\"lazy\" decoding=\"async\" width=\"1024\" height=\"683\" data-id=\"13548\" src=\"https:\/\/www.sallejoven.es\/wp-content\/uploads\/2023\/03\/UNIMAD-62-1024x683.jpg\" alt=\"\" class=\"wp-image-13548\" srcset=\"https:\/\/www.sallejoven.es\/wp-content\/uploads\/2023\/03\/UNIMAD-62-1024x683.jpg 1024w, https:\/\/www.sallejoven.es\/wp-content\/uploads\/2023\/03\/UNIMAD-62-550x367.jpg 550w, https:\/\/www.sallejoven.es\/wp-content\/uploads\/2023\/03\/UNIMAD-62-768x512.jpg 768w, https:\/\/www.sallejoven.es\/wp-content\/uploads\/2023\/03\/UNIMAD-62-1536x1024.jpg 1536w, https:\/\/www.sallejoven.es\/wp-content\/uploads\/2023\/03\/UNIMAD-62-2048x1365.jpg 2048w, https:\/\/www.sallejoven.es\/wp-content\/uploads\/2023\/03\/UNIMAD-62-150x100.jpg 150w\" sizes=\"auto, (max-width: 1024px) 100vw, 1024px\" \/><\/figure>\n\n\n\n<figure class=\"wp-block-image size-large\"><img loading=\"lazy\" decoding=\"async\" width=\"1024\" height=\"683\" data-id=\"13552\" src=\"https:\/\/www.sallejoven.es\/wp-content\/uploads\/2023\/03\/UNIMAD-89-1024x683.jpg\" alt=\"\" class=\"wp-image-13552\" srcset=\"https:\/\/www.sallejoven.es\/wp-content\/uploads\/2023\/03\/UNIMAD-89-1024x683.jpg 1024w, https:\/\/www.sallejoven.es\/wp-content\/uploads\/2023\/03\/UNIMAD-89-550x367.jpg 550w, https:\/\/www.sallejoven.es\/wp-content\/uploads\/2023\/03\/UNIMAD-89-768x512.jpg 768w, https:\/\/www.sallejoven.es\/wp-content\/uploads\/2023\/03\/UNIMAD-89-1536x1024.jpg 1536w, https:\/\/www.sallejoven.es\/wp-content\/uploads\/2023\/03\/UNIMAD-89-2048x1365.jpg 2048w, https:\/\/www.sallejoven.es\/wp-content\/uploads\/2023\/03\/UNIMAD-89-150x100.jpg 150w\" sizes=\"auto, (max-width: 1024px) 100vw, 1024px\" \/><\/figure>\n<\/figure>\n","protected":false},"excerpt":{"rendered":"<p>Tres a\u00f1os de demora. Este tiempo hubo que esperar para que se celebrara el encuentro de j\u00f3venes universitarios del Distrito Arlep que estaba programado para el curso 2019-2020 y que no se ha producido hasta el \u00faltimo fin de semana de febrero de 2023.&nbsp; Alrededor de 70 j\u00f3venes procedentes de&#8230;<\/p>\n<p> <a class=\"continue-reading-link\" href=\"https:\/\/www.sallejoven.es\/?p=13547\"><span>Leer m\u00e1s<\/span><i class=\"crycon-right-dir\"><\/i><\/a> <\/p>\n","protected":false},"author":23,"featured_media":13554,"comment_status":"open","ping_status":"open","sticky":false,"template":"","format":"standard","meta":{"footnotes":""},"categories":[310,311,5,8,10,179],"tags":[208,294,267,202,250],"class_list":["post-13547","post","type-post","status-publish","format-standard","has-post-thumbnail","hentry","category-arlep","category-encuentros","category-noticias-andalucia","category-noticias-madrid","category-noticias-valladolid","category-sallejoven","tag-arlep","tag-distrito-arlep","tag-encuentros","tag-salle-joven","tag-universitarios"],"_links":{"self":[{"href":"https:\/\/www.sallejoven.es\/index.php?rest_route=\/wp\/v2\/posts\/13547","targetHints":{"allow":["GET"]}}],"collection":[{"href":"https:\/\/www.sallejoven.es\/index.php?rest_route=\/wp\/v2\/posts"}],"about":[{"href":"https:\/\/www.sallejoven.es\/index.php?rest_route=\/wp\/v2\/types\/post"}],"author":[{"embeddable":true,"href":"https:\/\/www.sallejoven.es\/index.php?rest_route=\/wp\/v2\/users\/23"}],"replies":[{"embeddable":true,"href":"https:\/\/www.sallejoven.es\/index.php?rest_route=%2Fwp%2Fv2%2Fcomments&post=13547"}],"version-history":[{"count":2,"href":"https:\/\/www.sallejoven.es\/index.php?rest_route=\/wp\/v2\/posts\/13547\/revisions"}],"predecessor-version":[{"id":13556,"href":"https:\/\/www.sallejoven.es\/index.php?rest_route=\/wp\/v2\/posts\/13547\/revisions\/13556"}],"wp:featuredmedia":[{"embeddable":true,"href":"https:\/\/www.sallejoven.es\/index.php?rest_route=\/wp\/v2\/media\/13554"}],"wp:attachment":[{"href":"https:\/\/www.sallejoven.es\/index.php?rest_route=%2Fwp%2Fv2%2Fmedia&parent=13547"}],"wp:term":[{"taxonomy":"category","embeddable":true,"href":"https:\/\/www.sallejoven.es\/index.php?rest_route=%2Fwp%2Fv2%2Fcategories&post=13547"},{"taxonomy":"post_tag","embeddable":true,"href":"https:\/\/www.sallejoven.es\/index.php?rest_route=%2Fwp%2Fv2%2Ftags&post=13547"}],"curies":[{"name":"wp","href":"https:\/\/api.w.org\/{rel}","templated":true}]}}