{"id":13511,"date":"2023-02-14T19:14:27","date_gmt":"2023-02-14T19:14:27","guid":{"rendered":"https:\/\/www.sallejoven.es\/?p=13511"},"modified":"2023-02-14T19:14:29","modified_gmt":"2023-02-14T19:14:29","slug":"encuentrodescubrimiento23-castilla-y-leon-y-asturias-cantabria-juntosmejor-en-palencia-y-la-felguera-sallejoven","status":"publish","type":"post","link":"https:\/\/www.sallejoven.es\/?p=13511","title":{"rendered":"#EncuentroDescubrimiento23 Castilla y Le\u00f3n y Asturias + Cantabria #juntosmejor en Palencia y La Felguera #SalleJoven"},"content":{"rendered":"\n<figure class=\"wp-block-image size-full\"><img loading=\"lazy\" decoding=\"async\" width=\"1024\" height=\"819\" src=\"https:\/\/www.sallejoven.es\/wp-content\/uploads\/2023\/02\/Blue-Summer-Beach-Photo-Collage-1024x819-1.jpg\" alt=\"\" class=\"wp-image-13512\" srcset=\"https:\/\/www.sallejoven.es\/wp-content\/uploads\/2023\/02\/Blue-Summer-Beach-Photo-Collage-1024x819-1.jpg 1024w, https:\/\/www.sallejoven.es\/wp-content\/uploads\/2023\/02\/Blue-Summer-Beach-Photo-Collage-1024x819-1-550x440.jpg 550w, https:\/\/www.sallejoven.es\/wp-content\/uploads\/2023\/02\/Blue-Summer-Beach-Photo-Collage-1024x819-1-768x614.jpg 768w, https:\/\/www.sallejoven.es\/wp-content\/uploads\/2023\/02\/Blue-Summer-Beach-Photo-Collage-1024x819-1-150x120.jpg 150w, https:\/\/www.sallejoven.es\/wp-content\/uploads\/2023\/02\/Blue-Summer-Beach-Photo-Collage-1024x819-1-350x280.jpg 350w\" sizes=\"auto, (max-width: 1024px) 100vw, 1024px\" \/><\/figure>\n\n\n\n<p>Cerca de 550 j\u00f3venes de la etapa de Descubrimiento (6EP, 1 y 2 ESO) se encontraron en La Felguera y Palencia en los \u00faltimos d\u00edas.<br>Avatar-campeonato de las naciones y el esp\u00edritu ol\u00edmpico fijaron el hilo conductor de ambas jornadas pastorales: juegos de conocimiento y reflexi\u00f3n, pruebas por equipos al m\u00e1s puro estilo \u201cJuegos del Hambre\u201d, desfiles ol\u00edmpicos, pruebas de ciudad y un amplio abanico de retos hicieron disfrutar a los m\u00e1s j\u00f3venes.<\/p>\n\n\n\n<p>La convivencia y el reencuentro tras el verano pasado marcaron las convivencias entre los asistentes y sus animadores. Y en el horizonte, la perla de los encuentros de verano en Bujedo y Fontecha, que volver\u00e1n un a\u00f1o m\u00e1s en el mes julio para que la experiencia de la amistad llegue a lo hondo.<\/p>\n\n\n\n<p><\/p>\n","protected":false},"excerpt":{"rendered":"<p>Cerca de 550 j\u00f3venes de la etapa de Descubrimiento (6EP, 1 y 2 ESO) se encontraron en La Felguera y Palencia en los \u00faltimos d\u00edas.Avatar-campeonato de las naciones y el esp\u00edritu ol\u00edmpico fijaron el hilo conductor de ambas jornadas pastorales: juegos de conocimiento y reflexi\u00f3n, pruebas por equipos al m\u00e1s&#8230;<\/p>\n<p> <a class=\"continue-reading-link\" href=\"https:\/\/www.sallejoven.es\/?p=13511\"><span>Leer m\u00e1s<\/span><i class=\"crycon-right-dir\"><\/i><\/a> <\/p>\n","protected":false},"author":21,"featured_media":0,"comment_status":"open","ping_status":"open","sticky":false,"template":"","format":"standard","meta":{"footnotes":""},"categories":[1],"tags":[],"class_list":["post-13511","post","type-post","status-publish","format-standard","hentry","category-uncategorized"],"_links":{"self":[{"href":"https:\/\/www.sallejoven.es\/index.php?rest_route=\/wp\/v2\/posts\/13511","targetHints":{"allow":["GET"]}}],"collection":[{"href":"https:\/\/www.sallejoven.es\/index.php?rest_route=\/wp\/v2\/posts"}],"about":[{"href":"https:\/\/www.sallejoven.es\/index.php?rest_route=\/wp\/v2\/types\/post"}],"author":[{"embeddable":true,"href":"https:\/\/www.sallejoven.es\/index.php?rest_route=\/wp\/v2\/users\/21"}],"replies":[{"embeddable":true,"href":"https:\/\/www.sallejoven.es\/index.php?rest_route=%2Fwp%2Fv2%2Fcomments&post=13511"}],"version-history":[{"count":1,"href":"https:\/\/www.sallejoven.es\/index.php?rest_route=\/wp\/v2\/posts\/13511\/revisions"}],"predecessor-version":[{"id":13513,"href":"https:\/\/www.sallejoven.es\/index.php?rest_route=\/wp\/v2\/posts\/13511\/revisions\/13513"}],"wp:attachment":[{"href":"https:\/\/www.sallejoven.es\/index.php?rest_route=%2Fwp%2Fv2%2Fmedia&parent=13511"}],"wp:term":[{"taxonomy":"category","embeddable":true,"href":"https:\/\/www.sallejoven.es\/index.php?rest_route=%2Fwp%2Fv2%2Fcategories&post=13511"},{"taxonomy":"post_tag","embeddable":true,"href":"https:\/\/www.sallejoven.es\/index.php?rest_route=%2Fwp%2Fv2%2Ftags&post=13511"}],"curies":[{"name":"wp","href":"https:\/\/api.w.org\/{rel}","templated":true}]}}