{"id":13485,"date":"2023-01-16T22:19:50","date_gmt":"2023-01-16T22:19:50","guid":{"rendered":"https:\/\/www.sallejoven.es\/?p=13485"},"modified":"2023-02-23T12:49:38","modified_gmt":"2023-02-23T12:49:38","slug":"pascua-del-desafio-de-jesus-de-bujedo-2023","status":"publish","type":"post","link":"https:\/\/www.sallejoven.es\/?p=13485","title":{"rendered":"Pascua del Desaf\u00edo de Jes\u00fas 2023 en Bujedo"},"content":{"rendered":"\n<figure class=\"wp-block-image size-large is-resized\"><img loading=\"lazy\" decoding=\"async\" src=\"https:\/\/www.sallejoven.es\/wp-content\/uploads\/2023\/02\/Castellano-731x1024.png\" alt=\"\" class=\"wp-image-13522\" width=\"644\" height=\"902\" srcset=\"https:\/\/www.sallejoven.es\/wp-content\/uploads\/2023\/02\/Castellano-731x1024.png 731w, https:\/\/www.sallejoven.es\/wp-content\/uploads\/2023\/02\/Castellano-357x500.png 357w, https:\/\/www.sallejoven.es\/wp-content\/uploads\/2023\/02\/Castellano-768x1075.png 768w, https:\/\/www.sallejoven.es\/wp-content\/uploads\/2023\/02\/Castellano-1097x1536.png 1097w, https:\/\/www.sallejoven.es\/wp-content\/uploads\/2023\/02\/Castellano-1463x2048.png 1463w, https:\/\/www.sallejoven.es\/wp-content\/uploads\/2023\/02\/Castellano-107x150.png 107w, https:\/\/www.sallejoven.es\/wp-content\/uploads\/2023\/02\/Castellano.png 1890w\" sizes=\"auto, (max-width: 644px) 100vw, 644px\" \/><\/figure>\n\n\n\n<h6 class=\"wp-block-heading\">Nos une el Amor. Col 3, 14<\/h6>\n\n\n\n<h6 class=\"wp-block-heading\">UNA EXPERIENCIA \u00daNICA PARA TI<\/h6>\n\n\n\n<h6 class=\"wp-block-heading\">Te invitamos a vivir unos d\u00edas de encuentro contigo y con Dios en la experiencia de la Pascua. La experiencia de la Pascua puede marcar tu vida, y lo har\u00e1 si vas dispuesto a vivir con intensidad y dejarte tocar por Dios.<br>La Pascua es un momento para darte cuenta de c\u00f3mo va tu experiencia de servicio y de entrega a los dem\u00e1s\u2026 de c\u00f3mo va tu vida. Jes\u00fas quiere encontrarse encontrarse contigo y transformar tu vida.<br>Ser\u00e1 una experiencia inolvidable.<\/h6>\n\n\n\n<h6 class=\"wp-block-heading\">Vivir\u00e1s oraciones y celebraciones participativas, catequesis interactivas y montajes audiovisuales, intercambio de experiencias personales en grupos peque\u00f1os, tiempo para la reflexi\u00f3n personal, testimonios de personas comprometidas en el seguimiento de Jes\u00fas, tiempos para el ensayo de cantos, para conocer gente en el fregadero\u2026<\/h6>\n\n\n\n<p><strong>Fechas:<\/strong><\/p>\n\n\n\n<p>Comienza el jueves&nbsp;<strong>6 de abril<\/strong>&nbsp;a las 13:30 con la comida compartida.<\/p>\n\n\n\n<p>Termina el domingo&nbsp;<strong>9 de abril&nbsp;<\/strong>a las 10:00.<\/p>\n\n\n\n<p>\u00daltimo d\u00eda para enviar la inscripci\u00f3n:&nbsp;<strong>21 de marzo<\/strong><\/p>\n\n\n\n<p><strong>Precios:<\/strong><br>Dormitorio compartido. Necesita llevar saco de dormir y toallas.&nbsp;<strong>85\u20ac<\/strong><\/p>\n\n\n\n<p>Habitaci\u00f3n con ba\u00f1o. No necesita llevar saco de dormir ni toallas.&nbsp;<strong>120\u20ac<\/strong><\/p>\n\n\n\n<p>Ni\u00f1o menor de 12 a\u00f1os. Habitaci\u00f3n con su familia.&nbsp;<strong>65\u20ac<\/strong><\/p>\n\n\n\n<p><strong>Niveles:<\/strong><\/p>\n\n\n\n<p>1\u00ba Nivel: 1\u00ba de Bachillerato<\/p>\n\n\n\n<p>2\u00ba Nivel: 2\u00ba de Bachillerato y universitarios<\/p>\n\n\n\n<p>3\u00ba Nivel: J\u00f3venes y adultos. Familias y ni\u00f1os. <\/p>\n\n\n\n<p><strong>Inscripci\u00f3n: <\/strong><\/p>\n\n\n\n<p>en los colegios del Sector Valladolid, a trav\u00e9s de los animadores y la Delegaci\u00f3n de Pastoral. <\/p>\n\n\n\n<p><strong>Si vienes por tu cuenta, <\/strong>inscr\u00edbete online en :<\/p>\n\n\n\n<p><a href=\"https:\/\/bit.ly\/pascuabujedo23\" target=\"_blank\" rel=\"noreferrer noopener\">Formulario de Inscripci\u00f3n. Haz clic aqu\u00ed para inscribirte https:\/\/bit.ly\/pascuabujedo23<\/a><\/p>\n\n\n\n<div class=\"wp-block-group\"><div class=\"wp-block-group__inner-container is-layout-constrained wp-block-group-is-layout-constrained\">\n<iframe loading=\"lazy\" src=\"https:\/\/www.google.com\/maps\/embed?pb=!1m19!1m8!1m3!1d11738.902425035512!2d-3.023983!3d42.6459767!3m2!1i1024!2i768!4f13.1!4m8!3e0!4m0!4m5!1s0xd4f83671effffff%3A0x2b534138e271cdc!2sSanta%20Mar%C3%ADa%20de%20Bujedo%2C%20Calle%20Convento%2C%201%2C%2009293%20Bugedo%2C%20Burgos!3m2!1d42.6459767!2d-3.023983!5e0!3m2!1ses!2ses!4v1573669715699!5m2!1ses!2ses\" width=\"400\" height=\"300\" frameborder=\"0\" style=\"border:0;\" allowfullscreen=\"\"><\/iframe>\n<\/div><\/div>\n\n\n\n<p><a href=\"https:\/\/drive.google.com\/file\/d\/1m5c-G5ZI5sJMezIGUZDr4IA8lf-hoTpV\/view?usp=share_link\" target=\"_blank\" rel=\"noreferrer noopener\">Descarga el tr\u00edptico Pascua Bujedo<\/a><\/p>\n\n\n\n<p><a href=\"https:\/\/www.sallejoven.es\/?p=6538\" target=\"_blank\" rel=\"noreferrer noopener\">As\u00ed fue la Pascua de Bujedo 2019<\/a><\/p>\n\n\n\n<p><a href=\"https:\/\/twitter.com\/search?q=%23PascuaBujedo23\" target=\"_blank\" rel=\"noreferrer noopener\">#PascuaBujedo23<\/a><\/p>\n\n\n\n<figure class=\"wp-block-image is-resized\"><img loading=\"lazy\" decoding=\"async\" src=\"http:\/\/sallejoven.es\/wp-content\/uploads\/2018\/04\/DSC_0787-1024x683.jpg\" alt=\"\" width=\"412\" height=\"275\"\/><\/figure>\n","protected":false},"excerpt":{"rendered":"<p>Nos une el Amor. Col 3, 14 UNA EXPERIENCIA \u00daNICA PARA TI Te invitamos a vivir unos d\u00edas de encuentro contigo y con Dios en la experiencia de la Pascua. La experiencia de la Pascua puede marcar tu vida, y lo har\u00e1 si vas dispuesto a vivir con intensidad y&#8230;<\/p>\n<p> <a class=\"continue-reading-link\" href=\"https:\/\/www.sallejoven.es\/?p=13485\"><span>Leer m\u00e1s<\/span><i class=\"crycon-right-dir\"><\/i><\/a> <\/p>\n","protected":false},"author":21,"featured_media":13522,"comment_status":"open","ping_status":"open","sticky":false,"template":"","format":"standard","meta":{"footnotes":""},"categories":[310,263,262,10,334,259,179,326],"tags":[208,235,182,222,202,203],"class_list":["post-13485","post","type-post","status-publish","format-standard","has-post-thumbnail","hentry","category-arlep","category-bujedo","category-destacado","category-noticias-valladolid","category-pascua","category-salle-joven","category-sallejoven","category-ser","tag-arlep","tag-bujedo","tag-la-salle","tag-pastoral","tag-salle-joven","tag-sector-valladolid"],"_links":{"self":[{"href":"https:\/\/www.sallejoven.es\/index.php?rest_route=\/wp\/v2\/posts\/13485","targetHints":{"allow":["GET"]}}],"collection":[{"href":"https:\/\/www.sallejoven.es\/index.php?rest_route=\/wp\/v2\/posts"}],"about":[{"href":"https:\/\/www.sallejoven.es\/index.php?rest_route=\/wp\/v2\/types\/post"}],"author":[{"embeddable":true,"href":"https:\/\/www.sallejoven.es\/index.php?rest_route=\/wp\/v2\/users\/21"}],"replies":[{"embeddable":true,"href":"https:\/\/www.sallejoven.es\/index.php?rest_route=%2Fwp%2Fv2%2Fcomments&post=13485"}],"version-history":[{"count":11,"href":"https:\/\/www.sallejoven.es\/index.php?rest_route=\/wp\/v2\/posts\/13485\/revisions"}],"predecessor-version":[{"id":13538,"href":"https:\/\/www.sallejoven.es\/index.php?rest_route=\/wp\/v2\/posts\/13485\/revisions\/13538"}],"wp:featuredmedia":[{"embeddable":true,"href":"https:\/\/www.sallejoven.es\/index.php?rest_route=\/wp\/v2\/media\/13522"}],"wp:attachment":[{"href":"https:\/\/www.sallejoven.es\/index.php?rest_route=%2Fwp%2Fv2%2Fmedia&parent=13485"}],"wp:term":[{"taxonomy":"category","embeddable":true,"href":"https:\/\/www.sallejoven.es\/index.php?rest_route=%2Fwp%2Fv2%2Fcategories&post=13485"},{"taxonomy":"post_tag","embeddable":true,"href":"https:\/\/www.sallejoven.es\/index.php?rest_route=%2Fwp%2Fv2%2Ftags&post=13485"}],"curies":[{"name":"wp","href":"https:\/\/api.w.org\/{rel}","templated":true}]}}