{"id":13255,"date":"2022-08-25T16:20:28","date_gmt":"2022-08-25T16:20:28","guid":{"rendered":"https:\/\/www.sallejoven.es\/?p=13255"},"modified":"2022-08-25T16:22:46","modified_gmt":"2022-08-25T16:22:46","slug":"asambleauniversitaria22-sallejovenva","status":"publish","type":"post","link":"https:\/\/www.sallejoven.es\/?p=13255","title":{"rendered":"#AsambleaUniversitaria22 @SalleJovenVa"},"content":{"rendered":"\n<div class=\"wp-block-media-text alignwide is-stacked-on-mobile\"><figure class=\"wp-block-media-text__media\"><img loading=\"lazy\" decoding=\"async\" width=\"1024\" height=\"1024\" src=\"https:\/\/www.sallejoven.es\/wp-content\/uploads\/2022\/08\/6-1024x1024.jpg\" alt=\"\" class=\"wp-image-13257 size-full\" srcset=\"https:\/\/www.sallejoven.es\/wp-content\/uploads\/2022\/08\/6-1024x1024.jpg 1024w, https:\/\/www.sallejoven.es\/wp-content\/uploads\/2022\/08\/6-500x500.jpg 500w, https:\/\/www.sallejoven.es\/wp-content\/uploads\/2022\/08\/6-150x150.jpg 150w, https:\/\/www.sallejoven.es\/wp-content\/uploads\/2022\/08\/6-768x768.jpg 768w, https:\/\/www.sallejoven.es\/wp-content\/uploads\/2022\/08\/6.jpg 1080w\" sizes=\"auto, (max-width: 1024px) 100vw, 1024px\" \/><\/figure><div class=\"wp-block-media-text__content\">\n<p>De nuevo est\u00e1s invitado a participar de la Asamblea de Universitarios y J\u00f3venes Adultos Salle Joven \u00a1Tambi\u00e9n si acabaste Bachillerato o Ciclos este verano!<br>El pr\u00f3ximo s\u00e1bado, <strong>3 de septiembre, desde las 10 de la ma\u00f1ana<\/strong> en Arcas Reales<br>(Valladolid)<\/p>\n<\/div><\/div>\n\n\n\n<p>Inscr\u00edbete para participar del encuentro Salle Joven hasta el mi\u00e9rcoles, 31 de agosto,<br>en&nbsp;<a rel=\"noreferrer noopener\" href=\"http:\/\/bit.ly\/AsambleaSalleJoven22\" target=\"_blank\">bit.ly\/AsambleaSalleJoven22<\/a>&nbsp;#AsambleaSalleJoven22<\/p>\n\n\n\n<p><\/p>\n\n\n\n<figure class=\"wp-block-image size-large is-resized\"><img loading=\"lazy\" decoding=\"async\" src=\"https:\/\/www.sallejoven.es\/wp-content\/uploads\/2022\/08\/1-1024x1024.jpg\" alt=\"\" class=\"wp-image-13258\" width=\"676\" height=\"676\" srcset=\"https:\/\/www.sallejoven.es\/wp-content\/uploads\/2022\/08\/1-1024x1024.jpg 1024w, https:\/\/www.sallejoven.es\/wp-content\/uploads\/2022\/08\/1-500x500.jpg 500w, https:\/\/www.sallejoven.es\/wp-content\/uploads\/2022\/08\/1-150x150.jpg 150w, https:\/\/www.sallejoven.es\/wp-content\/uploads\/2022\/08\/1-768x768.jpg 768w, https:\/\/www.sallejoven.es\/wp-content\/uploads\/2022\/08\/1.jpg 1080w\" sizes=\"auto, (max-width: 676px) 100vw, 676px\" \/><\/figure>\n","protected":false},"excerpt":{"rendered":"<p>De nuevo est\u00e1s invitado a participar de la Asamblea de Universitarios y J\u00f3venes Adultos Salle Joven \u00a1Tambi\u00e9n si acabaste Bachillerato o Ciclos este verano!El pr\u00f3ximo s\u00e1bado, 3 de septiembre, desde las 10 de la ma\u00f1ana en Arcas Reales(Valladolid) Inscr\u00edbete para participar del encuentro Salle Joven hasta el mi\u00e9rcoles, 31 de&#8230;<\/p>\n<p> <a class=\"continue-reading-link\" href=\"https:\/\/www.sallejoven.es\/?p=13255\"><span>Leer m\u00e1s<\/span><i class=\"crycon-right-dir\"><\/i><\/a> <\/p>\n","protected":false},"author":21,"featured_media":13256,"comment_status":"open","ping_status":"open","sticky":false,"template":"","format":"standard","meta":{"footnotes":""},"categories":[306,318,207,215,262,311,265,342,10,229,246,307,259,179,219,266,326],"tags":[],"class_list":["post-13255","post","type-post","status-publish","format-standard","has-post-thumbnail","hentry","category-asturias","category-castilla","category-centros","category-corrales","category-destacado","category-encuentros","category-galicia","category-jovad","category-noticias-valladolid","category-palencia","category-portada","category-portugal","category-salle-joven","category-sallejoven","category-santander","category-santiago-de-compostela","category-ser"],"_links":{"self":[{"href":"https:\/\/www.sallejoven.es\/index.php?rest_route=\/wp\/v2\/posts\/13255","targetHints":{"allow":["GET"]}}],"collection":[{"href":"https:\/\/www.sallejoven.es\/index.php?rest_route=\/wp\/v2\/posts"}],"about":[{"href":"https:\/\/www.sallejoven.es\/index.php?rest_route=\/wp\/v2\/types\/post"}],"author":[{"embeddable":true,"href":"https:\/\/www.sallejoven.es\/index.php?rest_route=\/wp\/v2\/users\/21"}],"replies":[{"embeddable":true,"href":"https:\/\/www.sallejoven.es\/index.php?rest_route=%2Fwp%2Fv2%2Fcomments&post=13255"}],"version-history":[{"count":3,"href":"https:\/\/www.sallejoven.es\/index.php?rest_route=\/wp\/v2\/posts\/13255\/revisions"}],"predecessor-version":[{"id":13261,"href":"https:\/\/www.sallejoven.es\/index.php?rest_route=\/wp\/v2\/posts\/13255\/revisions\/13261"}],"wp:featuredmedia":[{"embeddable":true,"href":"https:\/\/www.sallejoven.es\/index.php?rest_route=\/wp\/v2\/media\/13256"}],"wp:attachment":[{"href":"https:\/\/www.sallejoven.es\/index.php?rest_route=%2Fwp%2Fv2%2Fmedia&parent=13255"}],"wp:term":[{"taxonomy":"category","embeddable":true,"href":"https:\/\/www.sallejoven.es\/index.php?rest_route=%2Fwp%2Fv2%2Fcategories&post=13255"},{"taxonomy":"post_tag","embeddable":true,"href":"https:\/\/www.sallejoven.es\/index.php?rest_route=%2Fwp%2Fv2%2Ftags&post=13255"}],"curies":[{"name":"wp","href":"https:\/\/api.w.org\/{rel}","templated":true}]}}