{"id":13243,"date":"2022-08-22T09:56:46","date_gmt":"2022-08-22T09:56:46","guid":{"rendered":"https:\/\/www.sallejoven.es\/?p=13243"},"modified":"2022-08-22T09:56:49","modified_gmt":"2022-08-22T09:56:49","slug":"de-nuevo-el-verano-de-sallejovensectormadrid","status":"publish","type":"post","link":"https:\/\/www.sallejoven.es\/?p=13243","title":{"rendered":"De nuevo el verano de #SalleJovenSectorMadrid"},"content":{"rendered":"\n<p>Cerca de 1.000 ni\u00f1os, ni\u00f1as y j\u00f3venes han disfrutado de un verano diferente gracias a los Grupos Cristianos \u2013 SalleJoven Sector Madrid. Despu\u00e9s de dos a\u00f1os en los que la actividad pastoral veraniega se hab\u00eda detenido por la seguridad de los menores, este curso 2021-2022 se han retomado las experiencias que siempre han sido tan significativas.&nbsp;<\/p>\n\n\n\n<p>A lo largo de todo el curso se han trabajado din\u00e1micas, talleres, actividades y experiencias que encuentran su colof\u00f3n en los campamentos de verano que se organizan desde la Delegaci\u00f3n de Pastoral de La Salle Sector Madrid.&nbsp;<\/p>\n\n\n\n<p>Los ni\u00f1os y ni\u00f1as de la etapa de Nazareth (5\u00ba y 6\u00ba) vivieron su primera salida del hogar. Fiel reflejo de lo que tambi\u00e9n vivi\u00f3 Jes\u00fas. Crecer en casa para compartir los valores y la fe con otros lasalianos en los campamentos del Gara\u00f1\u00f3n (Gran Canaria) y Valdemorillo (Madrid). Tambi\u00e9n fue la primera experiencia para muchos j\u00f3venes de la etapa de Genesareth (1\u00ba y 2\u00ba ESO) la de llegar a convertirse en superh\u00e9roes y superhero\u00ednas. Esta tem\u00e1tica motiv\u00f3 los campamentos que tuvieron lugar en La Laguna (Tenerife) y Valdemorillo (Madrid).&nbsp;<\/p>\n\n\n\n<p>Las ganas de reencuentro y volver a vivir todo lo que ha sido tan especial durante tantos a\u00f1os se not\u00f3 en los corazones de los y las j\u00f3venes de la etapa de Cafarnaum (3\u00ba y 4\u00ba ESO) y Betania (1\u00ba y 2\u00ba Bach.). Los primeros recorrieron la senda que les condujo desde el monasterio de Bujedo hasta el de San Asensio. M\u00e1s kil\u00f3metros sumaron quienes desde Mondo\u00f1edo emprendieron su itinerario hacia el encuentro con el ap\u00f3stol Santiago.&nbsp;<\/p>\n\n\n\n<p>Poco tiempo despu\u00e9s, j\u00f3venes y adultos de la etapa de universitarios se dirigieron hacia Finisterre. El ocaso del sol auguraba un nuevo amanecer en cada una de sus vidas.&nbsp;<\/p>\n\n\n\n<p>Despu\u00e9s de tanto tiempo, ni\u00f1os, ni\u00f1as y j\u00f3venes siguen dando gracias a Dios por haber dispuesto de la oportunidad para reflexionar, compartir, re\u00edr, jugar y orar a lo largo de este verano tan especial. Esta experiencia veraniega dejar\u00e1 huella en muchos corazones y motivar\u00e1 que nos volvamos a encontrar.&nbsp;<\/p>\n\n\n\n<div class=\"wp-block-columns is-layout-flex wp-container-core-columns-is-layout-9d6595d7 wp-block-columns-is-layout-flex\">\n<div class=\"wp-block-column is-layout-flow wp-block-column-is-layout-flow\" style=\"flex-basis:100%\">\n<div class=\"wp-block-group\"><div class=\"wp-block-group__inner-container is-layout-flow wp-block-group-is-layout-flow\">\n<figure class=\"wp-block-gallery has-nested-images columns-default is-cropped wp-block-gallery-1 is-layout-flex wp-block-gallery-is-layout-flex\">\n<figure class=\"wp-block-image size-large\"><img loading=\"lazy\" decoding=\"async\" width=\"1024\" height=\"768\" data-id=\"13245\" src=\"https:\/\/www.sallejoven.es\/wp-content\/uploads\/2022\/08\/SALLEJOVEN_CAMPAMENTOLALAGUNA22_079-1024x768.jpg\" alt=\"\" class=\"wp-image-13245\" srcset=\"https:\/\/www.sallejoven.es\/wp-content\/uploads\/2022\/08\/SALLEJOVEN_CAMPAMENTOLALAGUNA22_079-1024x768.jpg 1024w, https:\/\/www.sallejoven.es\/wp-content\/uploads\/2022\/08\/SALLEJOVEN_CAMPAMENTOLALAGUNA22_079-550x413.jpg 550w, https:\/\/www.sallejoven.es\/wp-content\/uploads\/2022\/08\/SALLEJOVEN_CAMPAMENTOLALAGUNA22_079-768x576.jpg 768w, https:\/\/www.sallejoven.es\/wp-content\/uploads\/2022\/08\/SALLEJOVEN_CAMPAMENTOLALAGUNA22_079-1536x1152.jpg 1536w, https:\/\/www.sallejoven.es\/wp-content\/uploads\/2022\/08\/SALLEJOVEN_CAMPAMENTOLALAGUNA22_079-2048x1536.jpg 2048w, https:\/\/www.sallejoven.es\/wp-content\/uploads\/2022\/08\/SALLEJOVEN_CAMPAMENTOLALAGUNA22_079-150x113.jpg 150w\" sizes=\"auto, (max-width: 1024px) 100vw, 1024px\" \/><\/figure>\n\n\n\n<figure class=\"wp-block-image size-large\"><img loading=\"lazy\" decoding=\"async\" width=\"1024\" height=\"768\" data-id=\"13247\" src=\"https:\/\/www.sallejoven.es\/wp-content\/uploads\/2022\/08\/IMG_0687-1024x768.jpeg\" alt=\"\" class=\"wp-image-13247\" srcset=\"https:\/\/www.sallejoven.es\/wp-content\/uploads\/2022\/08\/IMG_0687-1024x768.jpeg 1024w, https:\/\/www.sallejoven.es\/wp-content\/uploads\/2022\/08\/IMG_0687-550x413.jpeg 550w, https:\/\/www.sallejoven.es\/wp-content\/uploads\/2022\/08\/IMG_0687-768x576.jpeg 768w, https:\/\/www.sallejoven.es\/wp-content\/uploads\/2022\/08\/IMG_0687-1536x1152.jpeg 1536w, https:\/\/www.sallejoven.es\/wp-content\/uploads\/2022\/08\/IMG_0687-2048x1536.jpeg 2048w, https:\/\/www.sallejoven.es\/wp-content\/uploads\/2022\/08\/IMG_0687-150x113.jpeg 150w\" sizes=\"auto, (max-width: 1024px) 100vw, 1024px\" \/><\/figure>\n\n\n\n<figure class=\"wp-block-image size-large\"><img loading=\"lazy\" decoding=\"async\" width=\"1024\" height=\"576\" data-id=\"13244\" src=\"https:\/\/www.sallejoven.es\/wp-content\/uploads\/2022\/08\/SALLEJOVEN_CAMPAMENTOGARANON22_116-1024x576.jpg\" alt=\"\" class=\"wp-image-13244\" srcset=\"https:\/\/www.sallejoven.es\/wp-content\/uploads\/2022\/08\/SALLEJOVEN_CAMPAMENTOGARANON22_116-1024x576.jpg 1024w, https:\/\/www.sallejoven.es\/wp-content\/uploads\/2022\/08\/SALLEJOVEN_CAMPAMENTOGARANON22_116-550x309.jpg 550w, https:\/\/www.sallejoven.es\/wp-content\/uploads\/2022\/08\/SALLEJOVEN_CAMPAMENTOGARANON22_116-768x432.jpg 768w, https:\/\/www.sallejoven.es\/wp-content\/uploads\/2022\/08\/SALLEJOVEN_CAMPAMENTOGARANON22_116-1536x864.jpg 1536w, https:\/\/www.sallejoven.es\/wp-content\/uploads\/2022\/08\/SALLEJOVEN_CAMPAMENTOGARANON22_116-2048x1152.jpg 2048w, https:\/\/www.sallejoven.es\/wp-content\/uploads\/2022\/08\/SALLEJOVEN_CAMPAMENTOGARANON22_116-150x84.jpg 150w\" sizes=\"auto, (max-width: 1024px) 100vw, 1024px\" \/><\/figure>\n<\/figure>\n<\/div><\/div>\n<\/div>\n<\/div>\n\n\n\n<div class=\"wp-block-columns is-layout-flex wp-container-core-columns-is-layout-9d6595d7 wp-block-columns-is-layout-flex\">\n<div class=\"wp-block-column is-layout-flow wp-block-column-is-layout-flow\" style=\"flex-basis:100%\">\n<figure class=\"wp-block-gallery has-nested-images columns-default is-cropped wp-block-gallery-2 is-layout-flex wp-block-gallery-is-layout-flex\">\n<figure class=\"wp-block-image size-large\"><img loading=\"lazy\" decoding=\"async\" width=\"1024\" height=\"683\" data-id=\"13248\" src=\"https:\/\/www.sallejoven.es\/wp-content\/uploads\/2022\/08\/SALLEJOVEN_CAMPAMENTOVOLANTE22_569-1024x683.jpg\" alt=\"\" class=\"wp-image-13248\" srcset=\"https:\/\/www.sallejoven.es\/wp-content\/uploads\/2022\/08\/SALLEJOVEN_CAMPAMENTOVOLANTE22_569-1024x683.jpg 1024w, https:\/\/www.sallejoven.es\/wp-content\/uploads\/2022\/08\/SALLEJOVEN_CAMPAMENTOVOLANTE22_569-550x367.jpg 550w, https:\/\/www.sallejoven.es\/wp-content\/uploads\/2022\/08\/SALLEJOVEN_CAMPAMENTOVOLANTE22_569-768x512.jpg 768w, https:\/\/www.sallejoven.es\/wp-content\/uploads\/2022\/08\/SALLEJOVEN_CAMPAMENTOVOLANTE22_569-1536x1024.jpg 1536w, https:\/\/www.sallejoven.es\/wp-content\/uploads\/2022\/08\/SALLEJOVEN_CAMPAMENTOVOLANTE22_569-2048x1365.jpg 2048w, https:\/\/www.sallejoven.es\/wp-content\/uploads\/2022\/08\/SALLEJOVEN_CAMPAMENTOVOLANTE22_569-150x100.jpg 150w\" sizes=\"auto, (max-width: 1024px) 100vw, 1024px\" \/><\/figure>\n\n\n\n<figure class=\"wp-block-image size-large\"><img loading=\"lazy\" decoding=\"async\" width=\"768\" height=\"1024\" data-id=\"13249\" src=\"https:\/\/www.sallejoven.es\/wp-content\/uploads\/2022\/08\/SALLEJOVEN_CAMINODESANTIAGO22_477-768x1024.jpg\" alt=\"\" class=\"wp-image-13249\" srcset=\"https:\/\/www.sallejoven.es\/wp-content\/uploads\/2022\/08\/SALLEJOVEN_CAMINODESANTIAGO22_477-768x1024.jpg 768w, https:\/\/www.sallejoven.es\/wp-content\/uploads\/2022\/08\/SALLEJOVEN_CAMINODESANTIAGO22_477-375x500.jpg 375w, https:\/\/www.sallejoven.es\/wp-content\/uploads\/2022\/08\/SALLEJOVEN_CAMINODESANTIAGO22_477-1152x1536.jpg 1152w, https:\/\/www.sallejoven.es\/wp-content\/uploads\/2022\/08\/SALLEJOVEN_CAMINODESANTIAGO22_477-1536x2048.jpg 1536w, https:\/\/www.sallejoven.es\/wp-content\/uploads\/2022\/08\/SALLEJOVEN_CAMINODESANTIAGO22_477-113x150.jpg 113w, https:\/\/www.sallejoven.es\/wp-content\/uploads\/2022\/08\/SALLEJOVEN_CAMINODESANTIAGO22_477-scaled.jpg 1920w\" sizes=\"auto, (max-width: 768px) 100vw, 768px\" \/><\/figure>\n\n\n\n<figure class=\"wp-block-image size-large\"><img loading=\"lazy\" decoding=\"async\" width=\"768\" height=\"1024\" data-id=\"13250\" src=\"https:\/\/www.sallejoven.es\/wp-content\/uploads\/2022\/08\/bdbb694d-127f-485c-824a-47c7e6a24efa-768x1024.jpg\" alt=\"\" class=\"wp-image-13250\" srcset=\"https:\/\/www.sallejoven.es\/wp-content\/uploads\/2022\/08\/bdbb694d-127f-485c-824a-47c7e6a24efa-768x1024.jpg 768w, https:\/\/www.sallejoven.es\/wp-content\/uploads\/2022\/08\/bdbb694d-127f-485c-824a-47c7e6a24efa-375x500.jpg 375w, https:\/\/www.sallejoven.es\/wp-content\/uploads\/2022\/08\/bdbb694d-127f-485c-824a-47c7e6a24efa-1152x1536.jpg 1152w, https:\/\/www.sallejoven.es\/wp-content\/uploads\/2022\/08\/bdbb694d-127f-485c-824a-47c7e6a24efa-113x150.jpg 113w, https:\/\/www.sallejoven.es\/wp-content\/uploads\/2022\/08\/bdbb694d-127f-485c-824a-47c7e6a24efa.jpg 1536w\" sizes=\"auto, (max-width: 768px) 100vw, 768px\" \/><\/figure>\n<\/figure>\n<\/div>\n<\/div>\n","protected":false},"excerpt":{"rendered":"<p>Cerca de 1.000 ni\u00f1os, ni\u00f1as y j\u00f3venes han disfrutado de un verano diferente gracias a los Grupos Cristianos \u2013 SalleJoven Sector Madrid. Despu\u00e9s de dos a\u00f1os en los que la actividad pastoral veraniega se hab\u00eda detenido por la seguridad de los menores, este curso 2021-2022 se han retomado las experiencias&#8230;<\/p>\n<p> <a class=\"continue-reading-link\" href=\"https:\/\/www.sallejoven.es\/?p=13243\"><span>Leer m\u00e1s<\/span><i class=\"crycon-right-dir\"><\/i><\/a> <\/p>\n","protected":false},"author":23,"featured_media":0,"comment_status":"open","ping_status":"open","sticky":false,"template":"","format":"standard","meta":{"footnotes":""},"categories":[8,179],"tags":[],"class_list":["post-13243","post","type-post","status-publish","format-standard","hentry","category-noticias-madrid","category-sallejoven"],"_links":{"self":[{"href":"https:\/\/www.sallejoven.es\/index.php?rest_route=\/wp\/v2\/posts\/13243","targetHints":{"allow":["GET"]}}],"collection":[{"href":"https:\/\/www.sallejoven.es\/index.php?rest_route=\/wp\/v2\/posts"}],"about":[{"href":"https:\/\/www.sallejoven.es\/index.php?rest_route=\/wp\/v2\/types\/post"}],"author":[{"embeddable":true,"href":"https:\/\/www.sallejoven.es\/index.php?rest_route=\/wp\/v2\/users\/23"}],"replies":[{"embeddable":true,"href":"https:\/\/www.sallejoven.es\/index.php?rest_route=%2Fwp%2Fv2%2Fcomments&post=13243"}],"version-history":[{"count":2,"href":"https:\/\/www.sallejoven.es\/index.php?rest_route=\/wp\/v2\/posts\/13243\/revisions"}],"predecessor-version":[{"id":13251,"href":"https:\/\/www.sallejoven.es\/index.php?rest_route=\/wp\/v2\/posts\/13243\/revisions\/13251"}],"wp:attachment":[{"href":"https:\/\/www.sallejoven.es\/index.php?rest_route=%2Fwp%2Fv2%2Fmedia&parent=13243"}],"wp:term":[{"taxonomy":"category","embeddable":true,"href":"https:\/\/www.sallejoven.es\/index.php?rest_route=%2Fwp%2Fv2%2Fcategories&post=13243"},{"taxonomy":"post_tag","embeddable":true,"href":"https:\/\/www.sallejoven.es\/index.php?rest_route=%2Fwp%2Fv2%2Ftags&post=13243"}],"curies":[{"name":"wp","href":"https:\/\/api.w.org\/{rel}","templated":true}]}}