{"id":1294,"date":"2017-03-24T11:52:46","date_gmt":"2017-03-24T10:52:46","guid":{"rendered":"http:\/\/sallejoven.sallep.net\/?p=1294"},"modified":"2017-03-24T11:52:46","modified_gmt":"2017-03-24T10:52:46","slug":"pascua-bujedo-2017","status":"publish","type":"post","link":"https:\/\/www.sallejoven.es\/?p=1294","title":{"rendered":"Pascua Bujedo 2017"},"content":{"rendered":"<p>En Abril te invitamos a vivir unos d\u00edas de encuentro contigo y con Dios. La experiencia de la Pascua puede marcar tu vida, y lo har\u00e1 si vas dispuesto a vivirla con intensidad y dejarte tocar por Dios. La Pascua es un momento para darte cuenta de c\u00f3mo va tu experiencia de servicio y de entrega a los dem\u00e1s&#8230; de c\u00f3mo va tu vida. Deja todo en casa: tus preocupaciones, tus historias y ven a la Pascua. Jes\u00fas quiere encontrarse contigo y quererte. Ser\u00e1 una experiencia inolvidable.<\/p>\n<p>En estos d\u00edas encontrar\u00e1s celebraciones y oraciones participativas. Catequesis interactivas y montajes audiovisuales. Intercambio de experiencias personales en grupos peque\u00f1os. Tiempo para reflexi\u00f3n personal. Testimonios de personas comprometidas, como est\u00edmulo en nuestro seguimiento de Jes\u00fas. Tiempos para el ensayo de cantos, para conocer gente en el fregoteo&#8230;<\/p>\n\n","protected":false},"excerpt":{"rendered":"<p>En Abril te invitamos a vivir unos d\u00edas de encuentro contigo y con Dios. La experiencia de la Pascua puede marcar tu vida, y lo har\u00e1 si vas dispuesto a vivirla con intensidad y dejarte tocar por Dios. La Pascua es un momento para darte cuenta de c\u00f3mo va tu&#8230;<\/p>\n<p> <a class=\"continue-reading-link\" href=\"https:\/\/www.sallejoven.es\/?p=1294\"><span>Leer m\u00e1s<\/span><i class=\"crycon-right-dir\"><\/i><\/a> <\/p>\n","protected":false},"author":0,"featured_media":1295,"comment_status":"open","ping_status":"open","sticky":false,"template":"","format":"standard","meta":{"footnotes":""},"categories":[246],"tags":[],"class_list":["post-1294","post","type-post","status-publish","format-standard","has-post-thumbnail","hentry","category-portada"],"_links":{"self":[{"href":"https:\/\/www.sallejoven.es\/index.php?rest_route=\/wp\/v2\/posts\/1294","targetHints":{"allow":["GET"]}}],"collection":[{"href":"https:\/\/www.sallejoven.es\/index.php?rest_route=\/wp\/v2\/posts"}],"about":[{"href":"https:\/\/www.sallejoven.es\/index.php?rest_route=\/wp\/v2\/types\/post"}],"replies":[{"embeddable":true,"href":"https:\/\/www.sallejoven.es\/index.php?rest_route=%2Fwp%2Fv2%2Fcomments&post=1294"}],"version-history":[{"count":0,"href":"https:\/\/www.sallejoven.es\/index.php?rest_route=\/wp\/v2\/posts\/1294\/revisions"}],"wp:featuredmedia":[{"embeddable":true,"href":"https:\/\/www.sallejoven.es\/index.php?rest_route=\/"}],"wp:attachment":[{"href":"https:\/\/www.sallejoven.es\/index.php?rest_route=%2Fwp%2Fv2%2Fmedia&parent=1294"}],"wp:term":[{"taxonomy":"category","embeddable":true,"href":"https:\/\/www.sallejoven.es\/index.php?rest_route=%2Fwp%2Fv2%2Fcategories&post=1294"},{"taxonomy":"post_tag","embeddable":true,"href":"https:\/\/www.sallejoven.es\/index.php?rest_route=%2Fwp%2Fv2%2Ftags&post=1294"}],"curies":[{"name":"wp","href":"https:\/\/api.w.org\/{rel}","templated":true}]}}