{"id":11100,"date":"2022-02-21T14:39:47","date_gmt":"2022-02-21T14:39:47","guid":{"rendered":"https:\/\/www.sallejoven.es\/?p=11100"},"modified":"2022-02-21T14:39:49","modified_gmt":"2022-02-21T14:39:49","slug":"convivencia-de-grupos-lasalianos-del-colegio-la-salle-paterna-para-preparar-la-pascua-juvenil-y-el-campamento-de-verano","status":"publish","type":"post","link":"https:\/\/www.sallejoven.es\/?p=11100","title":{"rendered":"Convivencia de Grupos Lasalianos del Colegio La Salle Paterna para preparar la Pascua Juvenil y el Campamento de Verano"},"content":{"rendered":"\n<p>El equipo de educadores de&nbsp;<strong>Grupos Lasalianos del Colegio La Salle de Paterna<\/strong>&nbsp;se ha reunido los d\u00edas 19 y 20 de febrero en la casa de La Salle de Ll\u00edria para realizar una covivencia y comenzar la organizaci\u00f3n de la<strong>&nbsp;Pascua Juvenil&nbsp;<\/strong>que se celebrar\u00e1 del d\u00eda 14 al 17 de abril en Segorbe y el&nbsp;<strong>Campamento de Verano<\/strong>&nbsp;que se realizar\u00e1 el pr\u00f3ximo mes de julio, con la esperanza de que la situaci\u00f3n sanitaria lo permita.<\/p>\n\n\n\n<p>Despu\u00e9s de dos a\u00f1os sin poder realizar esta convivencia debido a la pandemia, poco a poco, se va volviendo a la normalidad y alrededor de un<strong>&nbsp;centenar de personas voluntarias se dieron cita en La Solana<\/strong>&nbsp;con mucha ilusi\u00f3n de poder estar juntos.<\/p>\n\n\n\n<figure class=\"wp-block-image\"><a href=\"https:\/\/www.lasallepaterna.es\/wp-content\/uploads\/2022\/02\/PASTORAL_2.jpeg\"><img decoding=\"async\" src=\"https:\/\/www.lasallepaterna.es\/wp-content\/uploads\/2022\/02\/PASTORAL_2.jpeg\" alt=\"\" class=\"wp-image-18946\"\/><\/a><\/figure>\n\n\n\n<p>Juli\u00e1n Madrigal, delegado de Pastoral del colegio, realiz\u00f3 la oraci\u00f3n y dio paso a explicar la jornada, informando de todos los aspectos a tener en cuenta. Realizando peque\u00f1os grupos de trabajo, se comenz\u00f3 a desarrollar la programaci\u00f3n de cada una de las actividades: la Pascua y el Campamento de Verano.<\/p>\n\n\n\n<p>Despu\u00e9s de cenar disfrutaron de la visita de Jorge Roig y Antoni Bosch, profesores y componentes del grupo musical Automatic, quienes amenizaron la velada nocturna con mucho ritmo.<\/p>\n\n\n\n<p>El domingo se puso en com\u00fan todo lo preparado en el d\u00eda anterior y se realizaron diferentes din\u00e1micas.<\/p>\n\n\n\n<figure class=\"wp-block-gallery has-nested-images columns-default is-cropped wp-block-gallery-1 is-layout-flex wp-block-gallery-is-layout-flex\">\n<figure class=\"wp-block-image size-large\"><img loading=\"lazy\" decoding=\"async\" width=\"500\" height=\"666\" data-id=\"11102\" src=\"https:\/\/www.sallejoven.es\/wp-content\/uploads\/2022\/02\/PASTORAL.jpeg\" alt=\"\" class=\"wp-image-11102\" srcset=\"https:\/\/www.sallejoven.es\/wp-content\/uploads\/2022\/02\/PASTORAL.jpeg 500w, https:\/\/www.sallejoven.es\/wp-content\/uploads\/2022\/02\/PASTORAL-375x500.jpeg 375w, https:\/\/www.sallejoven.es\/wp-content\/uploads\/2022\/02\/PASTORAL-113x150.jpeg 113w\" sizes=\"auto, (max-width: 500px) 100vw, 500px\" \/><\/figure>\n\n\n\n<figure class=\"wp-block-image size-large\"><img loading=\"lazy\" decoding=\"async\" width=\"500\" height=\"666\" data-id=\"11103\" src=\"https:\/\/www.sallejoven.es\/wp-content\/uploads\/2022\/02\/PASTORAL_1.jpeg\" alt=\"\" class=\"wp-image-11103\" srcset=\"https:\/\/www.sallejoven.es\/wp-content\/uploads\/2022\/02\/PASTORAL_1.jpeg 500w, https:\/\/www.sallejoven.es\/wp-content\/uploads\/2022\/02\/PASTORAL_1-375x500.jpeg 375w, https:\/\/www.sallejoven.es\/wp-content\/uploads\/2022\/02\/PASTORAL_1-113x150.jpeg 113w\" sizes=\"auto, (max-width: 500px) 100vw, 500px\" \/><\/figure>\n<\/figure>\n\n\n\n<p>Una gran convivencia que poner en valor el gran equipo de personas voluntarias que cada jueves se re\u00fane con el alumnado en Grupos Lasalianos con el objetivo de seguir profundizando en nuestros valores de&nbsp;<strong>fe, fraternidad y servicio.<\/strong><\/p>\n","protected":false},"excerpt":{"rendered":"<p>El equipo de educadores de&nbsp;Grupos Lasalianos del Colegio La Salle de Paterna&nbsp;se ha reunido los d\u00edas 19 y 20 de febrero en la casa de La Salle de Ll\u00edria para realizar una covivencia y comenzar la organizaci\u00f3n de la&nbsp;Pascua Juvenil&nbsp;que se celebrar\u00e1 del d\u00eda 14 al 17 de abril en&#8230;<\/p>\n<p> <a class=\"continue-reading-link\" href=\"https:\/\/www.sallejoven.es\/?p=11100\"><span>Leer m\u00e1s<\/span><i class=\"crycon-right-dir\"><\/i><\/a> <\/p>\n","protected":false},"author":5,"featured_media":11101,"comment_status":"open","ping_status":"open","sticky":false,"template":"","format":"standard","meta":{"footnotes":""},"categories":[9],"tags":[],"class_list":["post-11100","post","type-post","status-publish","format-standard","has-post-thumbnail","hentry","category-noticias-valencia-palma"],"_links":{"self":[{"href":"https:\/\/www.sallejoven.es\/index.php?rest_route=\/wp\/v2\/posts\/11100","targetHints":{"allow":["GET"]}}],"collection":[{"href":"https:\/\/www.sallejoven.es\/index.php?rest_route=\/wp\/v2\/posts"}],"about":[{"href":"https:\/\/www.sallejoven.es\/index.php?rest_route=\/wp\/v2\/types\/post"}],"author":[{"embeddable":true,"href":"https:\/\/www.sallejoven.es\/index.php?rest_route=\/wp\/v2\/users\/5"}],"replies":[{"embeddable":true,"href":"https:\/\/www.sallejoven.es\/index.php?rest_route=%2Fwp%2Fv2%2Fcomments&post=11100"}],"version-history":[{"count":1,"href":"https:\/\/www.sallejoven.es\/index.php?rest_route=\/wp\/v2\/posts\/11100\/revisions"}],"predecessor-version":[{"id":11104,"href":"https:\/\/www.sallejoven.es\/index.php?rest_route=\/wp\/v2\/posts\/11100\/revisions\/11104"}],"wp:featuredmedia":[{"embeddable":true,"href":"https:\/\/www.sallejoven.es\/index.php?rest_route=\/wp\/v2\/media\/11101"}],"wp:attachment":[{"href":"https:\/\/www.sallejoven.es\/index.php?rest_route=%2Fwp%2Fv2%2Fmedia&parent=11100"}],"wp:term":[{"taxonomy":"category","embeddable":true,"href":"https:\/\/www.sallejoven.es\/index.php?rest_route=%2Fwp%2Fv2%2Fcategories&post=11100"},{"taxonomy":"post_tag","embeddable":true,"href":"https:\/\/www.sallejoven.es\/index.php?rest_route=%2Fwp%2Fv2%2Ftags&post=11100"}],"curies":[{"name":"wp","href":"https:\/\/api.w.org\/{rel}","templated":true}]}}