{"id":11065,"date":"2022-02-14T21:13:46","date_gmt":"2022-02-14T21:13:46","guid":{"rendered":"https:\/\/www.sallejoven.es\/?p=11065"},"modified":"2022-02-15T22:17:16","modified_gmt":"2022-02-15T22:17:16","slug":"encuentropropuesta2022","status":"publish","type":"post","link":"https:\/\/www.sallejoven.es\/?p=11065","title":{"rendered":"#EncuentroPropuesta2022"},"content":{"rendered":"\n<figure class=\"wp-block-image size-large\"><img loading=\"lazy\" decoding=\"async\" width=\"1024\" height=\"339\" src=\"https:\/\/www.sallejoven.es\/wp-content\/uploads\/2022\/02\/2022-Cartel-1024x339.png\" alt=\"\" class=\"wp-image-11066\" srcset=\"https:\/\/www.sallejoven.es\/wp-content\/uploads\/2022\/02\/2022-Cartel-1024x339.png 1024w, https:\/\/www.sallejoven.es\/wp-content\/uploads\/2022\/02\/2022-Cartel-550x182.png 550w, https:\/\/www.sallejoven.es\/wp-content\/uploads\/2022\/02\/2022-Cartel-768x254.png 768w, https:\/\/www.sallejoven.es\/wp-content\/uploads\/2022\/02\/2022-Cartel-1536x508.png 1536w, https:\/\/www.sallejoven.es\/wp-content\/uploads\/2022\/02\/2022-Cartel-150x50.png 150w, https:\/\/www.sallejoven.es\/wp-content\/uploads\/2022\/02\/2022-Cartel.png 1850w\" sizes=\"auto, (max-width: 1024px) 100vw, 1024px\" \/><\/figure>\n\n\n\n<div class=\"wp-block-columns is-layout-flex wp-container-core-columns-is-layout-9d6595d7 wp-block-columns-is-layout-flex\">\n<div class=\"wp-block-column is-layout-flow wp-block-column-is-layout-flow\" style=\"flex-basis:100%\"><\/div>\n<\/div>\n\n\n\n<p>El pr\u00f3ximo 12 de marzo, los grupos de Propuesta Salle Joven de Galicia, Asturias, Cantabria y Castilla y Le\u00f3n quieren construir la casa Salle Joven de nuevo. <\/p>\n\n\n\n<p>En esta ocasi\u00f3n, nos encontramos en el Colegio La Salle Astorga, de 11 a 18 h.<\/p>\n\n\n\n<p>Tienes de plazo hasta el viernes, 4 de marzo, para inscribirte en la Delegaci\u00f3n de Pastoral.  <\/p>\n\n\n\n<p>\u00a1Nos vemos en Astorga para hacer realidad que somos Salle Joven y que est\u00e1s en casa!<\/p>\n\n\n\n<p><\/p>\n\n\n\n<figure class=\"wp-block-image size-full\"><img loading=\"lazy\" decoding=\"async\" width=\"396\" height=\"376\" src=\"https:\/\/www.sallejoven.es\/wp-content\/uploads\/2022\/02\/casa-salle-joven.png\" alt=\"\" class=\"wp-image-11067\" srcset=\"https:\/\/www.sallejoven.es\/wp-content\/uploads\/2022\/02\/casa-salle-joven.png 396w, https:\/\/www.sallejoven.es\/wp-content\/uploads\/2022\/02\/casa-salle-joven-150x142.png 150w\" sizes=\"auto, (max-width: 396px) 100vw, 396px\" \/><\/figure>\n","protected":false},"excerpt":{"rendered":"<p>El pr\u00f3ximo 12 de marzo, los grupos de Propuesta Salle Joven de Galicia, Asturias, Cantabria y Castilla y Le\u00f3n quieren construir la casa Salle Joven de nuevo. En esta ocasi\u00f3n, nos encontramos en el Colegio La Salle Astorga, de 11 a 18 h. Tienes de plazo hasta el viernes, 4&#8230;<\/p>\n<p> <a class=\"continue-reading-link\" href=\"https:\/\/www.sallejoven.es\/?p=11065\"><span>Leer m\u00e1s<\/span><i class=\"crycon-right-dir\"><\/i><\/a> <\/p>\n","protected":false},"author":21,"featured_media":11068,"comment_status":"open","ping_status":"open","sticky":false,"template":"","format":"standard","meta":{"footnotes":""},"categories":[310,306,207,215,262,311,265,10,229,246,307,259,179,219],"tags":[],"class_list":["post-11065","post","type-post","status-publish","format-standard","has-post-thumbnail","hentry","category-arlep","category-asturias","category-centros","category-corrales","category-destacado","category-encuentros","category-galicia","category-noticias-valladolid","category-palencia","category-portada","category-portugal","category-salle-joven","category-sallejoven","category-santander"],"_links":{"self":[{"href":"https:\/\/www.sallejoven.es\/index.php?rest_route=\/wp\/v2\/posts\/11065","targetHints":{"allow":["GET"]}}],"collection":[{"href":"https:\/\/www.sallejoven.es\/index.php?rest_route=\/wp\/v2\/posts"}],"about":[{"href":"https:\/\/www.sallejoven.es\/index.php?rest_route=\/wp\/v2\/types\/post"}],"author":[{"embeddable":true,"href":"https:\/\/www.sallejoven.es\/index.php?rest_route=\/wp\/v2\/users\/21"}],"replies":[{"embeddable":true,"href":"https:\/\/www.sallejoven.es\/index.php?rest_route=%2Fwp%2Fv2%2Fcomments&post=11065"}],"version-history":[{"count":1,"href":"https:\/\/www.sallejoven.es\/index.php?rest_route=\/wp\/v2\/posts\/11065\/revisions"}],"predecessor-version":[{"id":11069,"href":"https:\/\/www.sallejoven.es\/index.php?rest_route=\/wp\/v2\/posts\/11065\/revisions\/11069"}],"wp:featuredmedia":[{"embeddable":true,"href":"https:\/\/www.sallejoven.es\/index.php?rest_route=\/wp\/v2\/media\/11068"}],"wp:attachment":[{"href":"https:\/\/www.sallejoven.es\/index.php?rest_route=%2Fwp%2Fv2%2Fmedia&parent=11065"}],"wp:term":[{"taxonomy":"category","embeddable":true,"href":"https:\/\/www.sallejoven.es\/index.php?rest_route=%2Fwp%2Fv2%2Fcategories&post=11065"},{"taxonomy":"post_tag","embeddable":true,"href":"https:\/\/www.sallejoven.es\/index.php?rest_route=%2Fwp%2Fv2%2Ftags&post=11065"}],"curies":[{"name":"wp","href":"https:\/\/api.w.org\/{rel}","templated":true}]}}